{"id":20201,"date":"2025-02-18T17:38:55","date_gmt":"2025-02-18T14:38:55","guid":{"rendered":"https:\/\/www.egemtv.com\/?p=20201"},"modified":"2025-02-18T17:39:00","modified_gmt":"2025-02-18T14:39:00","slug":"baskan-unlu-mahalle-sakinlerinin-taleplerini-dinledi","status":"publish","type":"post","link":"https:\/\/www.egemtv.com\/?p=20201","title":{"rendered":"Ba\u015fkan \u00dcnl\u00fc, mahalle sakinlerinin taleplerini dinledi"},"content":{"rendered":"<p>Marmaris Belediyesi Mahalle Bulu\u015fmalar\u0131 devam ediyor. \u0130kincisi Beldibi Mahallesi\u2019nde yap\u0131lan toplant\u0131da Belediye Ba\u015fkan\u0131 Acar \u00dcnl\u00fc, mahalle sakinlerini \u00f6neri ve taleplerini dinledi.<br \/>\n<br \/>Marmaris Belediyesi taraf\u0131ndan ba\u015flat\u0131lan &#8220;Mahalle Bulu\u015fmalar\u0131&#8221; kapsam\u0131nda ikinci toplant\u0131 Beldibi Mahallesi\u2019nde ger\u00e7ekle\u015ftirildi. Vatanda\u015flar\u0131n talep ve \u00f6nerilerini do\u011frudan belediye y\u00f6netimiyle payla\u015fmas\u0131na imkan tan\u0131yan bulu\u015fmaya, Belediye Ba\u015fkan\u0131 Acar \u00dcnl\u00fc, mahalle muhtarlar\u0131, belediye meclis \u00fcyeleri, birim m\u00fcd\u00fcrleri ve mahalle sakinleri kat\u0131ld\u0131.<br \/>\n<br \/>Bulu\u015fmada konu\u015fan Belediye Ba\u015fkan\u0131 Acar \u00dcnl\u00fc, belediyenin mahalleler baz\u0131nda sorunlar\u0131 yerinde tespit etmek, vatanda\u015flar\u0131n beklentilerini anlamak ve \u00e7\u00f6z\u00fcm \u00fcretmek amac\u0131yla bu toplant\u0131lar\u0131 d\u00fczenledi\u011fini belirterek, &#8220;Biz buraya \u00e7ok kuvvetli geldik, \u00e7\u00fcnk\u00fc sizleri dinlemek i\u00e7in buraday\u0131z. Mahallenizin ihtiya\u00e7lar\u0131n\u0131, sizlerin taleplerini do\u011frudan sizlerden duymak bizim i\u00e7in \u00e7ok \u00f6nemli. Sorunlar\u0131 yerinde g\u00f6rmek, \u00e7\u00f6z\u00fcm \u00fcretmek ve hizmetlerimizi halk\u0131m\u0131z\u0131n beklentileri do\u011frultusunda \u015fekillendirmek istiyoruz&#8221; dedi.<br \/>\n<br \/>Vatanda\u015flar\u0131n belediye ile i\u015f birli\u011fi i\u00e7inde olmas\u0131n\u0131n \u00f6nemine vurgu yapan Ba\u015fkan \u00dcnl\u00fc, &#8220;Bu \u015fehir hepimizin ve burada herkesin s\u00f6z hakk\u0131 var. Sizlerin g\u00f6r\u00fc\u015fleri, talepleri ve \u00f6nerileri bizim yol haritam\u0131z\u0131 belirleyen en \u00f6nemli unsurlardan biri. Ancak unutmayal\u0131m ki belediye olarak biz ne kadar \u00e7al\u0131\u015f\u0131rsak \u00e7al\u0131\u015fal\u0131m, bu s\u00fcreci sizlerle birlikte y\u00fcr\u00fctmedi\u011fimiz s\u00fcrece ba\u015far\u0131ya ula\u015famay\u0131z. Hepimize i\u015f d\u00fc\u015f\u00fcyor, \u00e7\u00fcnk\u00fc bu bir tak\u0131m oyunu. El ele verirsek, Marmaris\u2019i hep birlikte daha g\u00fczel ve ya\u015fanabilir bir kent haline getirebiliriz&#8221; ifadesini kulland\u0131. Ba\u015fkan \u00dcnl\u00fc, semt pazar\u0131n\u0131 da ziyaret ederek esnaflar ve al\u0131\u015fveri\u015f i\u00e7in gelen yurtta\u015flarla selamla\u015ft\u0131.<br \/>\n<br \/>Toplant\u0131ya yo\u011fun ilgi g\u00f6steren mahalle sakinleri, altyap\u0131dan sosyal hizmetlere, \u00e7evre d\u00fczenlemelerinden ula\u015f\u0131m konular\u0131na kadar bir\u00e7ok farkl\u0131 konuda g\u00f6r\u00fc\u015flerini dile getirdi. Yap\u0131lan t\u00fcm \u00f6neriler ve talepler, ilgili birim m\u00fcd\u00fcrleri ve meclis \u00fcyeleri taraf\u0131ndan dikkatle not al\u0131nd\u0131. Mahalle Bulu\u015fmalar\u0131\u2019n\u0131n \u00f6n\u00fcm\u00fczdeki g\u00fcnlerde Marmaris\u2019in farkl\u0131 mahallelerinde devam edece\u011fi belirtildi.<br \/><\/p>\n","protected":false},"excerpt":{"rendered":"<p>Marmaris Belediyesi Mahalle Bulu\u015fmalar\u0131 devam ediyor. \u0130kincisi Beldibi Mahallesi\u2019nde yap\u0131lan toplant\u0131da Belediye Ba\u015fkan\u0131 Acar \u00dcnl\u00fc, mahalle sakinlerini \u00f6neri ve taleplerini dinledi. Marmaris Belediyesi taraf\u0131ndan ba\u015flat\u0131lan &#8220;Mahalle Bulu\u015fmalar\u0131&#8221; kapsam\u0131nda ikinci toplant\u0131 Beldibi Mahallesi\u2019nde ger\u00e7ekle\u015ftirildi. Vatanda\u015flar\u0131n talep ve \u00f6nerilerini do\u011frudan belediye y\u00f6netimiyle payla\u015fmas\u0131na imkan tan\u0131yan bulu\u015fmaya, Belediye Ba\u015fkan\u0131 Acar \u00dcnl\u00fc, mahalle muhtarlar\u0131, belediye meclis \u00fcyeleri, birim m\u00fcd\u00fcrleri&#8230;<\/p>\n","protected":false},"author":1,"featured_media":20202,"comment_status":"open","ping_status":"open","sticky":false,"template":"","format":"standard","meta":{"_crdt_document":"","footnotes":""},"categories":[1],"tags":[],"class_list":["post-20201","post","type-post","status-publish","format-standard","has-post-thumbnail","hentry","category-guncel"],"_links":{"self":[{"href":"https:\/\/www.egemtv.com\/index.php?rest_route=\/wp\/v2\/posts\/20201","targetHints":{"allow":["GET"]}}],"collection":[{"href":"https:\/\/www.egemtv.com\/index.php?rest_route=\/wp\/v2\/posts"}],"about":[{"href":"https:\/\/www.egemtv.com\/index.php?rest_route=\/wp\/v2\/types\/post"}],"author":[{"embeddable":true,"href":"https:\/\/www.egemtv.com\/index.php?rest_route=\/wp\/v2\/users\/1"}],"replies":[{"embeddable":true,"href":"https:\/\/www.egemtv.com\/index.php?rest_route=%2Fwp%2Fv2%2Fcomments&post=20201"}],"version-history":[{"count":1,"href":"https:\/\/www.egemtv.com\/index.php?rest_route=\/wp\/v2\/posts\/20201\/revisions"}],"predecessor-version":[{"id":20203,"href":"https:\/\/www.egemtv.com\/index.php?rest_route=\/wp\/v2\/posts\/20201\/revisions\/20203"}],"wp:featuredmedia":[{"embeddable":true,"href":"https:\/\/www.egemtv.com\/index.php?rest_route=\/wp\/v2\/media\/20202"}],"wp:attachment":[{"href":"https:\/\/www.egemtv.com\/index.php?rest_route=%2Fwp%2Fv2%2Fmedia&parent=20201"}],"wp:term":[{"taxonomy":"category","embeddable":true,"href":"https:\/\/www.egemtv.com\/index.php?rest_route=%2Fwp%2Fv2%2Fcategories&post=20201"},{"taxonomy":"post_tag","embeddable":true,"href":"https:\/\/www.egemtv.com\/index.php?rest_route=%2Fwp%2Fv2%2Ftags&post=20201"}],"curies":[{"name":"wp","href":"https:\/\/api.w.org\/{rel}","templated":true}]}}