{"id":20063,"date":"2025-02-18T14:53:39","date_gmt":"2025-02-18T11:53:39","guid":{"rendered":"https:\/\/www.egemtv.com\/?p=20063"},"modified":"2025-02-18T14:53:44","modified_gmt":"2025-02-18T11:53:44","slug":"degerler-hareketi-projesi-toplantisi-gerceklestirildi","status":"publish","type":"post","link":"https:\/\/www.egemtv.com\/?p=20063","title":{"rendered":"&#8220;De\u011ferler Hareketi&#8221; projesi toplant\u0131s\u0131 ger\u00e7ekle\u015ftirildi"},"content":{"rendered":"<p>T\u00fcrkiye Y\u00fczy\u0131l\u0131 Maarif Modeli \u00e7er\u00e7evesinde ilimizde uygulanan &#8220;De\u011ferler Hareketi&#8221; projesi kapsam\u0131nda, \u0130l\u00e7e Milli E\u011fitim \u015eube M\u00fcd\u00fcrlerinin kat\u0131l\u0131m\u0131yla toplant\u0131 d\u00fczenlendi.<br \/>\n<br \/>\u0130l Milli E\u011fitim M\u00fcd\u00fcr Yard\u0131mc\u0131s\u0131 Mevl\u00fct \u00c7\u0131nar\u2019\u0131n ba\u015fkanl\u0131k etti\u011fi toplant\u0131da, projenin uygulanma s\u00fcreci, okullardaki faaliyetler ve de\u011ferlendirme kriterleri ele al\u0131nd\u0131. \u0130l\u00e7e Milli E\u011fitim \u015fube m\u00fcd\u00fcrleri, kendi il\u00e7elerindeki okullar\u0131n projeye kat\u0131l\u0131m\u0131n\u0131 art\u0131rmak i\u00e7in yap\u0131labilecek \u00e7al\u0131\u015fmalar\u0131 de\u011ferlendirerek g\u00f6r\u00fc\u015flerini bildirdi. Toplant\u0131da ayr\u0131ca, proje kapsam\u0131nda d\u00fczenlenen yar\u0131\u015fmalara kat\u0131l\u0131m\u0131n te\u015fvik edilmesi ve ba\u015far\u0131l\u0131 \u00f6\u011frencilerin \u00f6d\u00fcllendirilmesi konular\u0131 da ele al\u0131nd\u0131. M\u00fcd\u00fcr Yard\u0131mc\u0131s\u0131 \u00c7\u0131nar, toplant\u0131n\u0131n amac\u0131 hakk\u0131nda a\u00e7\u0131klamalarda bulundu. \u00c7\u0131nar &#8220;\u00d6\u011frencilerimizin milli ve manevi de\u011ferlere sahip bireyler olarak yeti\u015fmesine katk\u0131 sa\u011flamak oldu\u011funu belirterek bu konuda idareciler olarak b\u00fcy\u00fck sorumlulu\u011fumuz var. Sizlerin de destekleriyle projemizi daha da ba\u015far\u0131l\u0131 bir \u015fekilde y\u00fcr\u00fctece\u011fiz&#8221; dedi.<br \/><\/p>\n","protected":false},"excerpt":{"rendered":"<p>T\u00fcrkiye Y\u00fczy\u0131l\u0131 Maarif Modeli \u00e7er\u00e7evesinde ilimizde uygulanan &#8220;De\u011ferler Hareketi&#8221; projesi kapsam\u0131nda, \u0130l\u00e7e Milli E\u011fitim \u015eube M\u00fcd\u00fcrlerinin kat\u0131l\u0131m\u0131yla toplant\u0131 d\u00fczenlendi. \u0130l Milli E\u011fitim M\u00fcd\u00fcr Yard\u0131mc\u0131s\u0131 Mevl\u00fct \u00c7\u0131nar\u2019\u0131n ba\u015fkanl\u0131k etti\u011fi toplant\u0131da, projenin uygulanma s\u00fcreci, okullardaki faaliyetler ve de\u011ferlendirme kriterleri ele al\u0131nd\u0131. \u0130l\u00e7e Milli E\u011fitim \u015fube m\u00fcd\u00fcrleri, kendi il\u00e7elerindeki okullar\u0131n projeye kat\u0131l\u0131m\u0131n\u0131 art\u0131rmak i\u00e7in yap\u0131labilecek \u00e7al\u0131\u015fmalar\u0131 de\u011ferlendirerek g\u00f6r\u00fc\u015flerini&#8230;<\/p>\n","protected":false},"author":1,"featured_media":20064,"comment_status":"open","ping_status":"open","sticky":false,"template":"","format":"standard","meta":{"_crdt_document":"","footnotes":""},"categories":[1],"tags":[],"class_list":["post-20063","post","type-post","status-publish","format-standard","has-post-thumbnail","hentry","category-guncel"],"_links":{"self":[{"href":"https:\/\/www.egemtv.com\/index.php?rest_route=\/wp\/v2\/posts\/20063","targetHints":{"allow":["GET"]}}],"collection":[{"href":"https:\/\/www.egemtv.com\/index.php?rest_route=\/wp\/v2\/posts"}],"about":[{"href":"https:\/\/www.egemtv.com\/index.php?rest_route=\/wp\/v2\/types\/post"}],"author":[{"embeddable":true,"href":"https:\/\/www.egemtv.com\/index.php?rest_route=\/wp\/v2\/users\/1"}],"replies":[{"embeddable":true,"href":"https:\/\/www.egemtv.com\/index.php?rest_route=%2Fwp%2Fv2%2Fcomments&post=20063"}],"version-history":[{"count":1,"href":"https:\/\/www.egemtv.com\/index.php?rest_route=\/wp\/v2\/posts\/20063\/revisions"}],"predecessor-version":[{"id":20065,"href":"https:\/\/www.egemtv.com\/index.php?rest_route=\/wp\/v2\/posts\/20063\/revisions\/20065"}],"wp:featuredmedia":[{"embeddable":true,"href":"https:\/\/www.egemtv.com\/index.php?rest_route=\/wp\/v2\/media\/20064"}],"wp:attachment":[{"href":"https:\/\/www.egemtv.com\/index.php?rest_route=%2Fwp%2Fv2%2Fmedia&parent=20063"}],"wp:term":[{"taxonomy":"category","embeddable":true,"href":"https:\/\/www.egemtv.com\/index.php?rest_route=%2Fwp%2Fv2%2Fcategories&post=20063"},{"taxonomy":"post_tag","embeddable":true,"href":"https:\/\/www.egemtv.com\/index.php?rest_route=%2Fwp%2Fv2%2Ftags&post=20063"}],"curies":[{"name":"wp","href":"https:\/\/api.w.org\/{rel}","templated":true}]}}