{"id":20060,"date":"2025-02-18T14:53:30","date_gmt":"2025-02-18T11:53:30","guid":{"rendered":"https:\/\/www.egemtv.com\/?p=20060"},"modified":"2025-02-18T14:53:38","modified_gmt":"2025-02-18T11:53:38","slug":"mudur-akgune-veda-yemegi","status":"publish","type":"post","link":"https:\/\/www.egemtv.com\/?p=20060","title":{"rendered":"M\u00fcd\u00fcr Akg\u00fcn\u2019e veda yeme\u011fi"},"content":{"rendered":"<p>25 \u015eubat 2025 tarihinde emekli olacak olan Afyonkarahisar Halk E\u011fitim Merkezi M\u00fcd\u00fcr\u00fc Ali\u015fan Akg\u00fcn\u2019e Halk E\u011fitim Merkezi M\u00fcd\u00fcrl\u00fc\u011f\u00fc personeli taraf\u0131ndan veda yeme\u011fi verildi.<br \/>\n<br \/>Milli e\u011fitim camias\u0131nda bulundu\u011fu s\u00fcre i\u00e7eresinde \u00f6\u011fretmen,okul m\u00fcd\u00fcr\u00fc,\u015fube m\u00fcd\u00fcr\u00fc ve son olarak Halk E\u011fitim Merkezi M\u00fcd\u00fcr\u00fc olarak g\u00f6rev yapan Akg\u00fcn, emeklili\u011fe ayr\u0131lmaya haz\u0131rlan\u0131yor.<br \/>\n<br \/>Ge\u00e7mi\u015finde de\u011fi\u015fik iller ve Afyonkarahisarda Sporcu, Antren\u00f6r ,Kul\u00fcp ba\u015fkan\u0131 olarak g\u00f6rev yapm\u0131\u015f olan Afyonkarahisar sporuna da ciddi katk\u0131lar\u0131 bulunan Ali\u015fan Akg\u00fcn\u2019 bundan sonra Afyonkarahisar Amat\u00f6r Spor Kul\u00fcpleri Fedarasyonu Ba\u015fkan\u0131 olarak Afyon Sporuna hizmet etmeye devam edecek.<br \/><\/p>\n","protected":false},"excerpt":{"rendered":"<p>25 \u015eubat 2025 tarihinde emekli olacak olan Afyonkarahisar Halk E\u011fitim Merkezi M\u00fcd\u00fcr\u00fc Ali\u015fan Akg\u00fcn\u2019e Halk E\u011fitim Merkezi M\u00fcd\u00fcrl\u00fc\u011f\u00fc personeli taraf\u0131ndan veda yeme\u011fi verildi. Milli e\u011fitim camias\u0131nda bulundu\u011fu s\u00fcre i\u00e7eresinde \u00f6\u011fretmen,okul m\u00fcd\u00fcr\u00fc,\u015fube m\u00fcd\u00fcr\u00fc ve son olarak Halk E\u011fitim Merkezi M\u00fcd\u00fcr\u00fc olarak g\u00f6rev yapan Akg\u00fcn, emeklili\u011fe ayr\u0131lmaya haz\u0131rlan\u0131yor. Ge\u00e7mi\u015finde de\u011fi\u015fik iller ve Afyonkarahisarda Sporcu, Antren\u00f6r ,Kul\u00fcp ba\u015fkan\u0131&#8230;<\/p>\n","protected":false},"author":1,"featured_media":20061,"comment_status":"open","ping_status":"open","sticky":false,"template":"","format":"standard","meta":{"_crdt_document":"","footnotes":""},"categories":[1],"tags":[],"class_list":["post-20060","post","type-post","status-publish","format-standard","has-post-thumbnail","hentry","category-guncel"],"_links":{"self":[{"href":"https:\/\/www.egemtv.com\/index.php?rest_route=\/wp\/v2\/posts\/20060","targetHints":{"allow":["GET"]}}],"collection":[{"href":"https:\/\/www.egemtv.com\/index.php?rest_route=\/wp\/v2\/posts"}],"about":[{"href":"https:\/\/www.egemtv.com\/index.php?rest_route=\/wp\/v2\/types\/post"}],"author":[{"embeddable":true,"href":"https:\/\/www.egemtv.com\/index.php?rest_route=\/wp\/v2\/users\/1"}],"replies":[{"embeddable":true,"href":"https:\/\/www.egemtv.com\/index.php?rest_route=%2Fwp%2Fv2%2Fcomments&post=20060"}],"version-history":[{"count":1,"href":"https:\/\/www.egemtv.com\/index.php?rest_route=\/wp\/v2\/posts\/20060\/revisions"}],"predecessor-version":[{"id":20062,"href":"https:\/\/www.egemtv.com\/index.php?rest_route=\/wp\/v2\/posts\/20060\/revisions\/20062"}],"wp:featuredmedia":[{"embeddable":true,"href":"https:\/\/www.egemtv.com\/index.php?rest_route=\/wp\/v2\/media\/20061"}],"wp:attachment":[{"href":"https:\/\/www.egemtv.com\/index.php?rest_route=%2Fwp%2Fv2%2Fmedia&parent=20060"}],"wp:term":[{"taxonomy":"category","embeddable":true,"href":"https:\/\/www.egemtv.com\/index.php?rest_route=%2Fwp%2Fv2%2Fcategories&post=20060"},{"taxonomy":"post_tag","embeddable":true,"href":"https:\/\/www.egemtv.com\/index.php?rest_route=%2Fwp%2Fv2%2Ftags&post=20060"}],"curies":[{"name":"wp","href":"https:\/\/api.w.org\/{rel}","templated":true}]}}