{"id":20054,"date":"2025-02-18T14:30:45","date_gmt":"2025-02-18T11:30:45","guid":{"rendered":"https:\/\/www.egemtv.com\/?p=20054"},"modified":"2025-02-18T14:30:55","modified_gmt":"2025-02-18T11:30:55","slug":"kusadasi-belediyesinden-cocuklar-icin-ucretsiz-satranc-kursu","status":"publish","type":"post","link":"https:\/\/www.egemtv.com\/?p=20054","title":{"rendered":"Ku\u015fadas\u0131 Belediyesi\u2019nden \u00e7ocuklar i\u00e7in \u00fccretsiz satran\u00e7 kursu"},"content":{"rendered":"<p>Ku\u015fadas\u0131 Belediyesi taraf\u0131ndan 9-13 ya\u015f aras\u0131ndaki \u00e7ocuklar\u0131n d\u00fc\u015f\u00fcnme becerilerinin geli\u015fimine katk\u0131 sa\u011flamak amac\u0131yla G\u00fczel\u00e7aml\u0131 Mahallesi\u2019nde \u00fccretsiz a\u00e7\u0131lacak olan satran\u00e7 kursu i\u00e7in kay\u0131tlar ba\u015flad\u0131.<\/p>\n<p>Ku\u015fadas\u0131 Belediyesi, kent merkezine uzak mahallelerde ya\u015fayan \u00e7ocuklar\u0131n da etkinliklere kat\u0131l\u0131p, sosyalle\u015febilmesini sa\u011flamak i\u00e7in G\u00fczel\u00e7aml\u0131 Mahallesi\u2019nde satran\u00e7 kursu a\u00e7acak. Kursa 9-13 ya\u015f aras\u0131 \u00e7ocuklar kay\u0131t yapt\u0131rabilecek. Ku\u015fadas\u0131 Belediyesi G\u00fczel\u00e7aml\u0131 Ek Hizmet Binas\u0131\u2019nda yer alan k\u00fct\u00fcphanede pazartesi, sal\u0131, \u00e7ar\u015famba ve per\u015fembe g\u00fcnleri 16:00-18:00 saatleri aras\u0131nda d\u00fczenlenecek olan kurs, satran\u00e7 antren\u00f6rlerinin g\u00f6zetiminde verilecek.<\/p>\n<p>\u00c7ocuklarda \u00e7ok y\u00f6nl\u00fc d\u00fc\u015f\u00fcnme becerisi ve konsantrasyonu geli\u015ftirip, haf\u0131zay\u0131 iyile\u015ftiren satran\u00e7 kursu hakk\u0131nda detayl\u0131 bilgi almak isteyenler G\u00fcvercin Masa\u2019n\u0131n 444 71 14 numaral\u0131 hatt\u0131n\u0131 arayabilecek.<br \/><\/p>\n","protected":false},"excerpt":{"rendered":"<p>Ku\u015fadas\u0131 Belediyesi taraf\u0131ndan 9-13 ya\u015f aras\u0131ndaki \u00e7ocuklar\u0131n d\u00fc\u015f\u00fcnme becerilerinin geli\u015fimine katk\u0131 sa\u011flamak amac\u0131yla G\u00fczel\u00e7aml\u0131 Mahallesi\u2019nde \u00fccretsiz a\u00e7\u0131lacak olan satran\u00e7 kursu i\u00e7in kay\u0131tlar ba\u015flad\u0131. Ku\u015fadas\u0131 Belediyesi, kent merkezine uzak mahallelerde ya\u015fayan \u00e7ocuklar\u0131n da etkinliklere kat\u0131l\u0131p, sosyalle\u015febilmesini sa\u011flamak i\u00e7in G\u00fczel\u00e7aml\u0131 Mahallesi\u2019nde satran\u00e7 kursu a\u00e7acak. Kursa 9-13 ya\u015f aras\u0131 \u00e7ocuklar kay\u0131t yapt\u0131rabilecek. Ku\u015fadas\u0131 Belediyesi G\u00fczel\u00e7aml\u0131 Ek Hizmet Binas\u0131\u2019nda&#8230;<\/p>\n","protected":false},"author":1,"featured_media":20055,"comment_status":"open","ping_status":"open","sticky":false,"template":"","format":"standard","meta":{"_crdt_document":"","footnotes":""},"categories":[1],"tags":[],"class_list":["post-20054","post","type-post","status-publish","format-standard","has-post-thumbnail","hentry","category-guncel"],"_links":{"self":[{"href":"https:\/\/www.egemtv.com\/index.php?rest_route=\/wp\/v2\/posts\/20054","targetHints":{"allow":["GET"]}}],"collection":[{"href":"https:\/\/www.egemtv.com\/index.php?rest_route=\/wp\/v2\/posts"}],"about":[{"href":"https:\/\/www.egemtv.com\/index.php?rest_route=\/wp\/v2\/types\/post"}],"author":[{"embeddable":true,"href":"https:\/\/www.egemtv.com\/index.php?rest_route=\/wp\/v2\/users\/1"}],"replies":[{"embeddable":true,"href":"https:\/\/www.egemtv.com\/index.php?rest_route=%2Fwp%2Fv2%2Fcomments&post=20054"}],"version-history":[{"count":1,"href":"https:\/\/www.egemtv.com\/index.php?rest_route=\/wp\/v2\/posts\/20054\/revisions"}],"predecessor-version":[{"id":20056,"href":"https:\/\/www.egemtv.com\/index.php?rest_route=\/wp\/v2\/posts\/20054\/revisions\/20056"}],"wp:featuredmedia":[{"embeddable":true,"href":"https:\/\/www.egemtv.com\/index.php?rest_route=\/wp\/v2\/media\/20055"}],"wp:attachment":[{"href":"https:\/\/www.egemtv.com\/index.php?rest_route=%2Fwp%2Fv2%2Fmedia&parent=20054"}],"wp:term":[{"taxonomy":"category","embeddable":true,"href":"https:\/\/www.egemtv.com\/index.php?rest_route=%2Fwp%2Fv2%2Fcategories&post=20054"},{"taxonomy":"post_tag","embeddable":true,"href":"https:\/\/www.egemtv.com\/index.php?rest_route=%2Fwp%2Fv2%2Ftags&post=20054"}],"curies":[{"name":"wp","href":"https:\/\/api.w.org\/{rel}","templated":true}]}}