{"id":20051,"date":"2025-02-18T14:27:26","date_gmt":"2025-02-18T11:27:26","guid":{"rendered":"https:\/\/www.egemtv.com\/?p=20051"},"modified":"2025-02-18T14:27:28","modified_gmt":"2025-02-18T11:27:28","slug":"kinika-yeni-meydan-projesinin-calismalari-basladi","status":"publish","type":"post","link":"https:\/\/www.egemtv.com\/?p=20051","title":{"rendered":"K\u0131n\u0131k\u2019a yeni meydan projesinin \u00e7al\u0131\u015fmalar\u0131 ba\u015flad\u0131"},"content":{"rendered":"<p>K\u0131n\u0131k Belediyesi, il\u00e7enin \u00e7ehresini de\u011fi\u015ftirecek yeni meydan projesi i\u00e7in saha \u00e7al\u0131\u015fmalar\u0131na ba\u015flad\u0131. Proje, sosyal ya\u015fam\u0131 canland\u0131racak ve il\u00e7eye yeni bir nefes alan\u0131 kazand\u0131racak.<br \/>\n<br \/>K\u0131n\u0131k Belediyesi, il\u00e7enin sosyal ve k\u00fclt\u00fcrel ya\u015fam\u0131n\u0131 g\u00fc\u00e7lendirecek yeni meydan projesi i\u00e7in \u00e7al\u0131\u015fmalar\u0131na ba\u015flad\u0131. K\u0131n\u0131k Belediye Ba\u015fkan\u0131 Sema Bodur, \u0130zmir B\u00fcy\u00fck\u015fehir Belediyesi Kent Tarihi ve Tan\u0131t\u0131m\u0131 Daire Ba\u015fkan\u0131 Hasibe Velibeyo\u011flu, Kentsel Tasar\u0131m ve Kent Esteti\u011fi \u015eube M\u00fcd\u00fcr\u00fc Aylin G\u00f6knur ve Mimar Kerem Can K\u0131r\u0131lmaz ile birlikte il\u00e7ede incelemelerde bulunarak projenin detaylar\u0131n\u0131 de\u011ferlendirdi. Ba\u015fkan Sema Bodur, meydan projesinin K\u0131n\u0131k\u2019\u0131n tarihi dokusuna ve kent kimli\u011fine uygun \u015fekilde tasarlanaca\u011f\u0131n\u0131 belirterek, il\u00e7eye yeni bir sosyal alan kazand\u0131racaklar\u0131n\u0131 vurgulad\u0131. &#8220;\u0130l\u00e7emizin \u00e7ehresini de\u011fi\u015ftirecek, sosyal ya\u015fam\u0131 canland\u0131racak yeni meydan projemiz i\u00e7in saha \u00e7al\u0131\u015fmalar\u0131m\u0131za ba\u015flad\u0131k. Halk\u0131m\u0131z\u0131n keyifle vakit ge\u00e7irebilece\u011fi bir meydan olu\u015fturmak i\u00e7in titizlikle \u00e7al\u0131\u015f\u0131yoruz&#8221; dedi.<\/p>\n<p>Sosyal ve k\u00fclt\u00fcrel ya\u015fama katk\u0131 sunacak<br \/>\n<br \/>K\u0131n\u0131k Belediyesi\u2019nin yeni meydan projesi, sadece estetik bir d\u00fczenleme olman\u0131n \u00f6tesinde, sosyal ve k\u00fclt\u00fcrel etkinliklere ev sahipli\u011fi yapacak bir bulu\u015fma noktas\u0131 olarak planlan\u0131yor. Proje kapsam\u0131nda ye\u015fil alanlar, dinlenme alanlar\u0131 ve etkinlik sahalar\u0131n\u0131n yer alaca\u011f\u0131 belirtildi.<br \/>\n<br \/>Ba\u015fkan Bodur, &#8220;Bu projeyle il\u00e7emize yeni bir nefes alan\u0131 kazand\u0131rmay\u0131 hedefliyoruz. K\u0131n\u0131k\u2019\u0131n sosyal hayat\u0131na katk\u0131 sa\u011flayacak, vatanda\u015flar\u0131m\u0131z\u0131n keyifle zaman ge\u00e7irebilece\u011fi bir meydan olacak. \u0130l\u00e7emize de\u011fer katacak bu \u00f6nemli projeyi en k\u0131sa s\u00fcrede hayata ge\u00e7irmek i\u00e7in \u00e7al\u0131\u015fmalar\u0131m\u0131za h\u0131z kesmeden devam edece\u011fiz&#8221; ifadelerini kulland\u0131.<br \/><\/p>\n","protected":false},"excerpt":{"rendered":"<p>K\u0131n\u0131k Belediyesi, il\u00e7enin \u00e7ehresini de\u011fi\u015ftirecek yeni meydan projesi i\u00e7in saha \u00e7al\u0131\u015fmalar\u0131na ba\u015flad\u0131. Proje, sosyal ya\u015fam\u0131 canland\u0131racak ve il\u00e7eye yeni bir nefes alan\u0131 kazand\u0131racak. K\u0131n\u0131k Belediyesi, il\u00e7enin sosyal ve k\u00fclt\u00fcrel ya\u015fam\u0131n\u0131 g\u00fc\u00e7lendirecek yeni meydan projesi i\u00e7in \u00e7al\u0131\u015fmalar\u0131na ba\u015flad\u0131. K\u0131n\u0131k Belediye Ba\u015fkan\u0131 Sema Bodur, \u0130zmir B\u00fcy\u00fck\u015fehir Belediyesi Kent Tarihi ve Tan\u0131t\u0131m\u0131 Daire Ba\u015fkan\u0131 Hasibe Velibeyo\u011flu, Kentsel Tasar\u0131m&#8230;<\/p>\n","protected":false},"author":1,"featured_media":20052,"comment_status":"open","ping_status":"open","sticky":false,"template":"","format":"standard","meta":{"_crdt_document":"","footnotes":""},"categories":[1],"tags":[],"class_list":["post-20051","post","type-post","status-publish","format-standard","has-post-thumbnail","hentry","category-guncel"],"_links":{"self":[{"href":"https:\/\/www.egemtv.com\/index.php?rest_route=\/wp\/v2\/posts\/20051","targetHints":{"allow":["GET"]}}],"collection":[{"href":"https:\/\/www.egemtv.com\/index.php?rest_route=\/wp\/v2\/posts"}],"about":[{"href":"https:\/\/www.egemtv.com\/index.php?rest_route=\/wp\/v2\/types\/post"}],"author":[{"embeddable":true,"href":"https:\/\/www.egemtv.com\/index.php?rest_route=\/wp\/v2\/users\/1"}],"replies":[{"embeddable":true,"href":"https:\/\/www.egemtv.com\/index.php?rest_route=%2Fwp%2Fv2%2Fcomments&post=20051"}],"version-history":[{"count":1,"href":"https:\/\/www.egemtv.com\/index.php?rest_route=\/wp\/v2\/posts\/20051\/revisions"}],"predecessor-version":[{"id":20053,"href":"https:\/\/www.egemtv.com\/index.php?rest_route=\/wp\/v2\/posts\/20051\/revisions\/20053"}],"wp:featuredmedia":[{"embeddable":true,"href":"https:\/\/www.egemtv.com\/index.php?rest_route=\/wp\/v2\/media\/20052"}],"wp:attachment":[{"href":"https:\/\/www.egemtv.com\/index.php?rest_route=%2Fwp%2Fv2%2Fmedia&parent=20051"}],"wp:term":[{"taxonomy":"category","embeddable":true,"href":"https:\/\/www.egemtv.com\/index.php?rest_route=%2Fwp%2Fv2%2Fcategories&post=20051"},{"taxonomy":"post_tag","embeddable":true,"href":"https:\/\/www.egemtv.com\/index.php?rest_route=%2Fwp%2Fv2%2Ftags&post=20051"}],"curies":[{"name":"wp","href":"https:\/\/api.w.org\/{rel}","templated":true}]}}