{"id":20048,"date":"2025-02-18T14:27:21","date_gmt":"2025-02-18T11:27:21","guid":{"rendered":"https:\/\/www.egemtv.com\/?p=20048"},"modified":"2025-02-18T14:27:26","modified_gmt":"2025-02-18T11:27:26","slug":"sehit-polis-fuat-kaplan-mezari-basinda-anildi","status":"publish","type":"post","link":"https:\/\/www.egemtv.com\/?p=20048","title":{"rendered":"\u015eehit polis Fuat Kaplan mezar\u0131 ba\u015f\u0131nda an\u0131ld\u0131"},"content":{"rendered":"<p>Ayd\u0131n\u2019\u0131n Ku\u015fadas\u0131 il\u00e7esinde 11 y\u0131l \u00f6nce kimli\u011fini sordu\u011fu bir \u015f\u00fcpheliyle aralar\u0131nda \u00e7\u0131kan bo\u011fu\u015fmada beylik tabancas\u0131yla vurularak \u015fehit d\u00fc\u015fen polis memuru Fuat Kaplan, \u00f6l\u00fcm y\u0131ld\u00f6n\u00fcm\u00fcnde mezar\u0131 ba\u015f\u0131nda an\u0131ld\u0131.<\/p>\n<p>Ku\u015fadas\u0131\u2019nda 16 \u015eubat 2014 y\u0131l\u0131nda g\u00f6revi ba\u015f\u0131nda \u015fehit d\u00fc\u015fen polis memuru Fuat Kaplan unutulmad\u0131. Kaplan i\u00e7in \u00f6l\u00fcm\u00fcn\u00fcn 10\u2019uncu y\u0131l\u0131nda Adal\u0131zade Mezarl\u0131\u011f\u0131\u2019ndaki kabri ba\u015f\u0131nda bir anma t\u00f6reni d\u00fczenlendi. T\u00f6rene, Ku\u015fadas\u0131 \u0130l\u00e7e Emniyet M\u00fcd\u00fcr\u00fc Mehmet Ali Berksoy, Ku\u015fadas\u0131 \u0130l\u00e7e Jandarma Komutan\u0131 Deniz Kurt, Ku\u015fadas\u0131 Sahil G\u00fcvenlik Komutan\u0131 \u00d6mer Serhat Uysal ile \u015fehit polisin yak\u0131nlar\u0131 kat\u0131ld\u0131. \u015eehit polis memuru Fuat Kaplan i\u00e7in t\u00f6rende dualar okundu, mezar\u0131na karanfiller b\u0131rak\u0131ld\u0131.<\/p>\n<p>\u015eehit Fuat Kaplan, 11 y\u0131l \u00f6nce Ku\u015fadas\u0131\u2019nda meydana gelen olayda kimlik sorgusundan ka\u00e7an H.A.\u2019y\u0131 ya\u015fanan kovalamaca sonras\u0131nda yakalayarak yere yat\u0131rd\u0131. Ya\u015fanan bo\u011fu\u015fmada Kaplan, beylik tabancas\u0131 ile H.A. taraf\u0131ndan ba\u015f\u0131ndan ve karn\u0131ndan vurularak a\u011f\u0131r yaralan\u0131rken, kald\u0131r\u0131ld\u0131\u011f\u0131 Adnan Menderes \u00dcniversitesi Hastanesi\u2019nde ya\u015fam\u0131n\u0131 yitirdi. Kaplan\u2019\u0131n an\u0131s\u0131na her y\u0131l Adal\u0131zade Mezarl\u0131\u011f\u0131\u2019nda anma etkinli\u011fi d\u00fczenleniyor.<br \/><\/p>\n","protected":false},"excerpt":{"rendered":"<p>Ayd\u0131n\u2019\u0131n Ku\u015fadas\u0131 il\u00e7esinde 11 y\u0131l \u00f6nce kimli\u011fini sordu\u011fu bir \u015f\u00fcpheliyle aralar\u0131nda \u00e7\u0131kan bo\u011fu\u015fmada beylik tabancas\u0131yla vurularak \u015fehit d\u00fc\u015fen polis memuru Fuat Kaplan, \u00f6l\u00fcm y\u0131ld\u00f6n\u00fcm\u00fcnde mezar\u0131 ba\u015f\u0131nda an\u0131ld\u0131. Ku\u015fadas\u0131\u2019nda 16 \u015eubat 2014 y\u0131l\u0131nda g\u00f6revi ba\u015f\u0131nda \u015fehit d\u00fc\u015fen polis memuru Fuat Kaplan unutulmad\u0131. Kaplan i\u00e7in \u00f6l\u00fcm\u00fcn\u00fcn 10\u2019uncu y\u0131l\u0131nda Adal\u0131zade Mezarl\u0131\u011f\u0131\u2019ndaki kabri ba\u015f\u0131nda bir anma t\u00f6reni d\u00fczenlendi. T\u00f6rene,&#8230;<\/p>\n","protected":false},"author":1,"featured_media":20049,"comment_status":"open","ping_status":"open","sticky":false,"template":"","format":"standard","meta":{"_crdt_document":"","footnotes":""},"categories":[1],"tags":[],"class_list":["post-20048","post","type-post","status-publish","format-standard","has-post-thumbnail","hentry","category-guncel"],"_links":{"self":[{"href":"https:\/\/www.egemtv.com\/index.php?rest_route=\/wp\/v2\/posts\/20048","targetHints":{"allow":["GET"]}}],"collection":[{"href":"https:\/\/www.egemtv.com\/index.php?rest_route=\/wp\/v2\/posts"}],"about":[{"href":"https:\/\/www.egemtv.com\/index.php?rest_route=\/wp\/v2\/types\/post"}],"author":[{"embeddable":true,"href":"https:\/\/www.egemtv.com\/index.php?rest_route=\/wp\/v2\/users\/1"}],"replies":[{"embeddable":true,"href":"https:\/\/www.egemtv.com\/index.php?rest_route=%2Fwp%2Fv2%2Fcomments&post=20048"}],"version-history":[{"count":1,"href":"https:\/\/www.egemtv.com\/index.php?rest_route=\/wp\/v2\/posts\/20048\/revisions"}],"predecessor-version":[{"id":20050,"href":"https:\/\/www.egemtv.com\/index.php?rest_route=\/wp\/v2\/posts\/20048\/revisions\/20050"}],"wp:featuredmedia":[{"embeddable":true,"href":"https:\/\/www.egemtv.com\/index.php?rest_route=\/wp\/v2\/media\/20049"}],"wp:attachment":[{"href":"https:\/\/www.egemtv.com\/index.php?rest_route=%2Fwp%2Fv2%2Fmedia&parent=20048"}],"wp:term":[{"taxonomy":"category","embeddable":true,"href":"https:\/\/www.egemtv.com\/index.php?rest_route=%2Fwp%2Fv2%2Fcategories&post=20048"},{"taxonomy":"post_tag","embeddable":true,"href":"https:\/\/www.egemtv.com\/index.php?rest_route=%2Fwp%2Fv2%2Ftags&post=20048"}],"curies":[{"name":"wp","href":"https:\/\/api.w.org\/{rel}","templated":true}]}}