{"id":20045,"date":"2025-02-18T14:11:17","date_gmt":"2025-02-18T11:11:17","guid":{"rendered":"https:\/\/www.egemtv.com\/?p=20045"},"modified":"2025-02-18T14:11:21","modified_gmt":"2025-02-18T11:11:21","slug":"izmirde-pazar-yerinde-cikan-silahli-kavgada-3-kisi-tutuklandi","status":"publish","type":"post","link":"https:\/\/www.egemtv.com\/?p=20045","title":{"rendered":"\u0130zmir\u2019de pazar yerinde \u00e7\u0131kan silahl\u0131 kavgada 3 ki\u015fi tutukland\u0131"},"content":{"rendered":"<p>\u0130zmir\u2019in Bornova il\u00e7esinde pazarc\u0131lar aras\u0131nda \u00e7\u0131kan kavgada g\u00f6zalt\u0131na al\u0131nan 9 \u015f\u00fcpheli \u015fah\u0131stan 3\u2019\u00fc tutukland\u0131.<br \/>\n<br \/>Edinilen bilgiye g\u00f6re; 9 \u015eubat Pazar g\u00fcn\u00fc Bornova il\u00e7esi Barbaros Mahallesi\u2019ndeki \u00c7amdibi Kapal\u0131 Pazaryeri\u2019nde silahl\u0131 yaralama olay\u0131 meydana geldi. Kavgan\u0131n nedeninin pazaryeri i\u00e7erisinde bulunan tezgah sahiplenme hususundan kaynakland\u0131\u011f\u0131 belirlendi. Olaya kar\u0131\u015fan M.A (31) ve A.B (30) sa\u011f bacak, M.A (41) sa\u011f kar\u0131n b\u00f6lgesi ve sa\u011f bacak, Y.A (44) sa\u011f bacak ve sol kas\u0131k, K.B (33) sa\u011f ayak b\u00f6lgesinden vurularak yaraland\u0131. Kar\u015f\u0131 taraf oldu\u011fu belirtilen C.V (41) boyun F.V (48) ise sol kal\u00e7a k\u0131sm\u0131ndan kesici alet ile yaraland\u0131. \u00c7\u0131kan silahl\u0131 ve b\u0131\u00e7akl\u0131 kavgada yaralanan \u015f\u00fcpheli \u015fah\u0131slar tedavilerinin yap\u0131lmas\u0131 i\u00e7in b\u00f6lgedeki hastanelere sevk edildi. Tedavilerinin ard\u0131ndan emniyete sevk edilen 7 \u015fah\u0131stan 3\u2019\u00fc tutukland\u0131, 1 ki\u015fi ev hapsi cezas\u0131 ald\u0131. Olay\u0131n i\u00e7erisinde bulunan 3 ki\u015fi ise adli kontrol \u015fart\u0131yla serbest b\u0131rak\u0131ld\u0131. 2 ki\u015finin ise hastanedeki tedavileri s\u00fcr\u00fcyor. Ayr\u0131ca taraflar\u0131n pazar tezgahlar\u0131 da ge\u00e7ici s\u00fcreli\u011fine kapat\u0131ld\u0131.<br \/><\/p>\n","protected":false},"excerpt":{"rendered":"<p>\u0130zmir\u2019in Bornova il\u00e7esinde pazarc\u0131lar aras\u0131nda \u00e7\u0131kan kavgada g\u00f6zalt\u0131na al\u0131nan 9 \u015f\u00fcpheli \u015fah\u0131stan 3\u2019\u00fc tutukland\u0131. Edinilen bilgiye g\u00f6re; 9 \u015eubat Pazar g\u00fcn\u00fc Bornova il\u00e7esi Barbaros Mahallesi\u2019ndeki \u00c7amdibi Kapal\u0131 Pazaryeri\u2019nde silahl\u0131 yaralama olay\u0131 meydana geldi. Kavgan\u0131n nedeninin pazaryeri i\u00e7erisinde bulunan tezgah sahiplenme hususundan kaynakland\u0131\u011f\u0131 belirlendi. Olaya kar\u0131\u015fan M.A (31) ve A.B (30) sa\u011f bacak, M.A (41) sa\u011f&#8230;<\/p>\n","protected":false},"author":1,"featured_media":20046,"comment_status":"open","ping_status":"open","sticky":false,"template":"","format":"standard","meta":{"_crdt_document":"","footnotes":""},"categories":[5],"tags":[],"class_list":["post-20045","post","type-post","status-publish","format-standard","has-post-thumbnail","hentry","category-asayis"],"_links":{"self":[{"href":"https:\/\/www.egemtv.com\/index.php?rest_route=\/wp\/v2\/posts\/20045","targetHints":{"allow":["GET"]}}],"collection":[{"href":"https:\/\/www.egemtv.com\/index.php?rest_route=\/wp\/v2\/posts"}],"about":[{"href":"https:\/\/www.egemtv.com\/index.php?rest_route=\/wp\/v2\/types\/post"}],"author":[{"embeddable":true,"href":"https:\/\/www.egemtv.com\/index.php?rest_route=\/wp\/v2\/users\/1"}],"replies":[{"embeddable":true,"href":"https:\/\/www.egemtv.com\/index.php?rest_route=%2Fwp%2Fv2%2Fcomments&post=20045"}],"version-history":[{"count":1,"href":"https:\/\/www.egemtv.com\/index.php?rest_route=\/wp\/v2\/posts\/20045\/revisions"}],"predecessor-version":[{"id":20047,"href":"https:\/\/www.egemtv.com\/index.php?rest_route=\/wp\/v2\/posts\/20045\/revisions\/20047"}],"wp:featuredmedia":[{"embeddable":true,"href":"https:\/\/www.egemtv.com\/index.php?rest_route=\/wp\/v2\/media\/20046"}],"wp:attachment":[{"href":"https:\/\/www.egemtv.com\/index.php?rest_route=%2Fwp%2Fv2%2Fmedia&parent=20045"}],"wp:term":[{"taxonomy":"category","embeddable":true,"href":"https:\/\/www.egemtv.com\/index.php?rest_route=%2Fwp%2Fv2%2Fcategories&post=20045"},{"taxonomy":"post_tag","embeddable":true,"href":"https:\/\/www.egemtv.com\/index.php?rest_route=%2Fwp%2Fv2%2Ftags&post=20045"}],"curies":[{"name":"wp","href":"https:\/\/api.w.org\/{rel}","templated":true}]}}