{"id":20042,"date":"2025-02-18T14:11:11","date_gmt":"2025-02-18T11:11:11","guid":{"rendered":"https:\/\/www.egemtv.com\/?p=20042"},"modified":"2025-02-18T14:11:17","modified_gmt":"2025-02-18T11:11:17","slug":"alacati-ot-festivali-stant-basvurulari-basladi","status":"publish","type":"post","link":"https:\/\/www.egemtv.com\/?p=20042","title":{"rendered":"Ala\u00e7at\u0131 Ot Festivali stant ba\u015fvurular\u0131 ba\u015flad\u0131"},"content":{"rendered":"<p>Bu y\u0131l 17-20 Nisan tarihlerinde 14\u2019\u00fcnc\u00fcs\u00fc d\u00fczenlenecek Ala\u00e7at\u0131 Ot Festivali\u2019nin stant ba\u015fvurular\u0131 bug\u00fcnden itibaren ba\u015flad\u0131. Ba\u015fvurular 10 Mart Pazartesi g\u00fcn\u00fc sona erecek.<br \/>\n<br \/>Ala\u00e7at\u0131 Ot Festivali\u2019nin 14\u2019\u00fcnc\u00fcs\u00fc bu sene 17-20 Nisan tarihlerinde d\u00fczenlenecek. Stant ba\u015fvurular\u0131 ise bug\u00fcnden itibaren ba\u015flad\u0131. \u00c7e\u015fme Belediyesi Ala\u00e7at\u0131 Ek Hizmet Binas\u0131 Sergi Salonu\u2019nda, 09.30 &#8211; 12.30 ile 13.30 &#8211; 17.00 saatleri aras\u0131nda kabul edilecek ba\u015fvurular, hafta sonlar\u0131 da devam edecek ve 10 Mart Pazartesi g\u00fcn\u00fc sona erecek. Ot stantlar\u0131\u00a0i\u00e7in kontenjan s\u0131n\u0131r\u0131 olmad\u0131\u011f\u0131 belirtilerek, ot stantlar\u0131nda sadece ot \u00e7e\u015fitleri ve \u00c7e\u015fme\u2019ye ait yerel tar\u0131m \u00fcr\u00fcnlerinin sat\u0131labilece\u011fi ifade edildi.<\/p>\n<p>150 adet g\u0131da\u00a0stand\u0131 a\u00e7\u0131labilecek<br \/>\n<br \/>\u00c7e\u015fme Belediyesi\u2019nden yap\u0131lan a\u00e7\u0131klamada; g\u0131da stantlar\u0131n\u0131n kontenjan\u0131n\u0131n 150 adet ile s\u0131n\u0131rl\u0131 oldu\u011fu belirtilerek, t\u00fcm \u00fcr\u00fcnlerin ev yap\u0131m\u0131 olmas\u0131 ve yenilebilen yerel otlar\u0131n kullan\u0131larak haz\u0131rlanmas\u0131 gerekti\u011fi kaydedildi. Stantlarda sadece Ege B\u00f6lgesi\u2019ne ait yiyeceklerin sat\u0131labilece\u011fi vurgulan\u0131rken, b\u00f6lgeye ait olmayan, Fellah K\u00f6ftesi, \u00e7i\u011f k\u00f6fte, k\u0131s\u0131r gibi \u00fcr\u00fcnlerin sat\u0131\u015f\u0131na izin verilmeyece\u011fi kaydedildi. Ege B\u00f6lgesi\u2019ne\u00a0ait olmayan yiyeceklerin sat\u0131\u015f\u0131na sadece depremzedelerin a\u00e7aca\u011f\u0131 stantlara izin verilecek.<\/p>\n<p>200 adet hediyelik e\u015fya stand\u0131 a\u00e7\u0131labilecek<br \/>\n<br \/>200 adet ile s\u0131n\u0131rland\u0131r\u0131lan hediyelik e\u015fya stantlar\u0131nda ise sadece el eme\u011fi ile yap\u0131lan \u00fcr\u00fcnler sat\u0131labilecek. Stant a\u00e7ma \u00f6nceli\u011fi ise Belediye ve Halk E\u011fitim kurslar\u0131na kat\u0131lan kursiyerlere, \u00c7e\u015fme Tar\u0131msal Kalk\u0131nma, ALKA, \u00c7E\u015eKA gibi kooperatiflere ve yerel esnafa verilecek.<\/p>\n<p>Stant a\u00e7mak i\u00e7in belirlenen kurallar ise \u015f\u00f6yle s\u0131raland\u0131:<br \/>\n<br \/>\u00c7e\u015fme s\u0131n\u0131rlar\u0131 i\u00e7inde en az 2 y\u0131ld\u0131r ikamet etmek (Depremzedeler hari\u00e7)<br \/>\n<br \/>\u00dcr\u00fcnlerin yap\u0131m ve sunumunda hijyen ko\u015fullar\u0131na uymak, verilecek masa \u00f6rt\u00fcs\u00fcn\u00fc sermek, kimlik ve \u00f6nl\u00fc\u011f\u00fc festival boyunca takmak<br \/>\n<br \/>Festival s\u00fcresince, kay\u0131t s\u0131ras\u0131nda ki\u015fiye tahsis edilen stand\u0131n ba\u015f\u0131nda her g\u00fcn bizzat 10.00 &#8211; 18.00 saatleri aras\u0131nda bulunmak, d\u00fczenli yap\u0131lacak kontrollerde kimlik ibraz etmek ve festival boyunca stantlar\u0131\u00a0a\u00e7\u0131k tutmak<br \/>\n<br \/>Stantlarda\u00a0plastik po\u015fet kullanmamak, yerine bez \u00e7anta, bez po\u015fet, file, kese ka\u011f\u0131d\u0131, j\u00fct \u00e7anta kullanmak<br \/>\n<br \/>Standart \u00f6l\u00e7\u00fclerde verilecek masaya (standa) ek yapmamak<br \/>\n<br \/>Stant etraf\u0131n\u0131 temiz tutmak\u00a0ve temiz b\u0131rakmak<br \/>\n<br \/>Ki\u015fiye \u00f6zel tahsis edilen stant kurulum yerini ve stant numaras\u0131n\u0131 de\u011fi\u015ftirmemek<br \/>\n<br \/>Stant alan\u0131nda herhangi bir elektrikli, t\u00fcpl\u00fc \u0131s\u0131t\u0131c\u0131, pi\u015firici vb. bir cihaz bulundurmamak<br \/>\n<br \/>Festival bilgilendirme toplant\u0131s\u0131na kat\u0131lmak- Belediye Denetim Ekibi\u00a0 kontrolleri s\u0131ras\u0131nda yetkililere kolayl\u0131k sa\u011flamak<\/p>\n<p>A\u00e7\u0131klamada, stantlarda sadece stant sahiplerinin bulunmas\u0131 gerekti\u011fi vurgulanarak, stantlar\u0131n kiraya verildi\u011fi ya da ba\u015fkas\u0131na devredildi\u011finin\u00a0tespit\u00a0edilmesi durumlar\u0131nda stantlar\u0131n ivedilikle kapat\u0131laca\u011f\u0131 ve bu ki\u015filere ilerleyen y\u0131llarda Ala\u00e7at\u0131 Ot Festivali\u2019nde\u00a0stant a\u00e7mas\u0131na kesinlikle m\u00fcsaade edilmeyece\u011fi de belirtildi.<br \/><\/p>\n","protected":false},"excerpt":{"rendered":"<p>Bu y\u0131l 17-20 Nisan tarihlerinde 14\u2019\u00fcnc\u00fcs\u00fc d\u00fczenlenecek Ala\u00e7at\u0131 Ot Festivali\u2019nin stant ba\u015fvurular\u0131 bug\u00fcnden itibaren ba\u015flad\u0131. Ba\u015fvurular 10 Mart Pazartesi g\u00fcn\u00fc sona erecek. Ala\u00e7at\u0131 Ot Festivali\u2019nin 14\u2019\u00fcnc\u00fcs\u00fc bu sene 17-20 Nisan tarihlerinde d\u00fczenlenecek. Stant ba\u015fvurular\u0131 ise bug\u00fcnden itibaren ba\u015flad\u0131. \u00c7e\u015fme Belediyesi Ala\u00e7at\u0131 Ek Hizmet Binas\u0131 Sergi Salonu\u2019nda, 09.30 &#8211; 12.30 ile 13.30 &#8211; 17.00 saatleri aras\u0131nda&#8230;<\/p>\n","protected":false},"author":1,"featured_media":20043,"comment_status":"open","ping_status":"open","sticky":false,"template":"","format":"standard","meta":{"_crdt_document":"","footnotes":""},"categories":[1],"tags":[],"class_list":["post-20042","post","type-post","status-publish","format-standard","has-post-thumbnail","hentry","category-guncel"],"_links":{"self":[{"href":"https:\/\/www.egemtv.com\/index.php?rest_route=\/wp\/v2\/posts\/20042","targetHints":{"allow":["GET"]}}],"collection":[{"href":"https:\/\/www.egemtv.com\/index.php?rest_route=\/wp\/v2\/posts"}],"about":[{"href":"https:\/\/www.egemtv.com\/index.php?rest_route=\/wp\/v2\/types\/post"}],"author":[{"embeddable":true,"href":"https:\/\/www.egemtv.com\/index.php?rest_route=\/wp\/v2\/users\/1"}],"replies":[{"embeddable":true,"href":"https:\/\/www.egemtv.com\/index.php?rest_route=%2Fwp%2Fv2%2Fcomments&post=20042"}],"version-history":[{"count":1,"href":"https:\/\/www.egemtv.com\/index.php?rest_route=\/wp\/v2\/posts\/20042\/revisions"}],"predecessor-version":[{"id":20044,"href":"https:\/\/www.egemtv.com\/index.php?rest_route=\/wp\/v2\/posts\/20042\/revisions\/20044"}],"wp:featuredmedia":[{"embeddable":true,"href":"https:\/\/www.egemtv.com\/index.php?rest_route=\/wp\/v2\/media\/20043"}],"wp:attachment":[{"href":"https:\/\/www.egemtv.com\/index.php?rest_route=%2Fwp%2Fv2%2Fmedia&parent=20042"}],"wp:term":[{"taxonomy":"category","embeddable":true,"href":"https:\/\/www.egemtv.com\/index.php?rest_route=%2Fwp%2Fv2%2Fcategories&post=20042"},{"taxonomy":"post_tag","embeddable":true,"href":"https:\/\/www.egemtv.com\/index.php?rest_route=%2Fwp%2Fv2%2Ftags&post=20042"}],"curies":[{"name":"wp","href":"https:\/\/api.w.org\/{rel}","templated":true}]}}