{"id":20039,"date":"2025-02-18T14:11:05","date_gmt":"2025-02-18T11:11:05","guid":{"rendered":"https:\/\/www.egemtv.com\/?p=20039"},"modified":"2025-02-18T14:11:11","modified_gmt":"2025-02-18T11:11:11","slug":"fuar-izmirde-cifte-bulusma","status":"publish","type":"post","link":"https:\/\/www.egemtv.com\/?p=20039","title":{"rendered":"Fuar \u0130zmir\u2019de \u00e7ifte bulu\u015fma"},"content":{"rendered":"<p>Fuarlar kenti \u0130zmir,  20-23 \u015eubat tarihleri aras\u0131nda iki fuara ev sahipli\u011fi yapacak. Makine ve \u00fcretim sekt\u00f6rlerini bir araya getiren IMATECH-3. End\u00fcstriyel \u00dcretim Teknolojileri Fuar\u0131 20 \u015eubat\u2019ta,  optik sekt\u00f6r\u00fcndeki en son teknolojik geli\u015fmelerin ve \u00fcr\u00fcnlerin sergilendi\u011fi Optic World \u0130zmir-2. Optik, G\u00f6zl\u00fck, Oftalmoloji ve Teknolojileri Fuar\u0131 ise 21 \u015eubat\u2019ta Fuar \u0130zmir\u2019de kap\u0131lar\u0131n\u0131 a\u00e7acak.<br \/>\n<br \/>IMATECH-End\u00fcstriyel \u00dcretim Teknolojileri Fuar\u0131, bu y\u0131l 20-23 \u015eubat tarihlerinde \u00fc\u00e7\u00fcnc\u00fc kez ziyaret\u00e7ilerini a\u011f\u0131rlayacak. Fuar; end\u00fcstriyel \u00fcretim teknolojilerinde yenilikleri ke\u015ffetmek, uluslararas\u0131 i\u015f birliklerini g\u00fc\u00e7lendirmek ve sekt\u00f6rdeki son geli\u015fmeleri takip etmek isteyen t\u00fcm profesyonelleri \u0130zmir\u2019de bir araya getirecek. \u0130zmir B\u00fcy\u00fck\u015fehir Belediyesi ev sahipli\u011finde \u0130ZFA\u015e ve \u0130zgi Fuarc\u0131l\u0131k organizat\u00f6rl\u00fc\u011f\u00fcnde, 4M Fuarc\u0131l\u0131k i\u015f birli\u011finde d\u00fczenlenen fuarda tak\u0131m tezg\u00e2hlar\u0131, CNC ve lazer makineleri, end\u00fcstriyel robotlar, kaynak teknolojileri, markalama, otomasyon sistemleri gibi geni\u015f bir \u00fcr\u00fcn yelpazesiyle bir\u00e7ok farkl\u0131 alandan gelece\u011fin fabrikalar\u0131 i\u00e7in ihtiya\u00e7 duyulan t\u00fcm end\u00fcstriyel sistemler bir arada sunulacak. \u0130kili g\u00f6r\u00fc\u015fmeler ile ticari anla\u015fmalara imza at\u0131lacak fuarda \u00e7ok say\u0131da makinenin sat\u0131\u015f\u0131n\u0131n da ger\u00e7ekle\u015ftirilmesi bekleniyor. IMATECH\u2019e bu y\u0131l Bosna Hersek Ticaret Odas\u0131, Kosova \u0130\u015f Adamlar\u0131 Derne\u011fi ve S\u0131rbistan Uice Ticaret Odas\u0131 ile yap\u0131lan i\u015f birlikleriyle bu b\u00f6lgelerden \u00f6nemli al\u0131m heyetleri gelecek. Fuar\u2019a ayr\u0131ca Bosna Hersek, Birle\u015fik Arap Emirlikleri, Irak, \u0130ran, Kuveyt, Kosova, M\u0131s\u0131r, Moldova, Polonya, Romanya, Rusya, S\u0131rbistan, Suudi Arabistan ve Ukrayna gibi \u00fclkelerden yo\u011fun bir profesyonel ziyaret\u00e7i kat\u0131l\u0131m\u0131 bekleniyor. Fuar\u0131 ge\u00e7ti\u011fimiz y\u0131l 63 \u00fclkeden 12 bin 350\u2019si yerli, bin 730\u2019u yabanc\u0131 toplam 14 bin 80 ki\u015fi ziyaret etmi\u015fti.<\/p>\n<p>Optik sekt\u00f6r\u00fcn\u00fcn g\u00f6z\u00fc bu fuarda<br \/>\n<br \/>21 \u015eubat tarihinde ise \u0130zmir B\u00fcy\u00fck\u015fehir Belediyesi ev sahipli\u011finde \u0130ZFA\u015e taraf\u0131ndan sekt\u00f6r\u00fcn deste\u011fiyle Fuar \u0130zmir\u2019de Optic World \u0130zmir- 2. Optik, G\u00f6zl\u00fck, Oftalmoloji ve Teknolojileri Fuar\u0131 a\u00e7\u0131lacak. Ge\u00e7ti\u011fimiz y\u0131l tamam\u0131 sekt\u00f6r profesyonellerinden olu\u015fan 5 bine yak\u0131n ziyaret\u00e7iyi a\u011f\u0131rlayarak b\u00fcy\u00fck ilgi g\u00f6ren fuar, 23 \u015eubat tarihine kadar sadece profesyonel ziyaret\u00e7ilere a\u00e7\u0131k olacak. Fuarda, sekt\u00f6rdeki en yeni \u00fcr\u00fcnler, aksesuarlar ve ekipmanlar ile g\u00f6rme kalitesini art\u0131rmak ve estetik ihtiya\u00e7lara yan\u0131t verebilmek i\u00e7in geli\u015ftirilen yeni teknolojiler sergilenecek. 6 bin metrekare alanda yap\u0131lacak fuar \u0130zmir\u2019in yan\u0131 s\u0131ra \u0130stanbul, Antalya, Bal\u0131kesir, Manisa ve Yozgat\u2019tan toplam 56 yerli kat\u0131l\u0131mc\u0131y\u0131 a\u011f\u0131rlayacak. Ayr\u0131ca Almanya, Azerbaycan, Bosna Hersek, Cezayir, Birle\u015fik Arap Emirlikleri, Fas, Irak, \u0130ran, Kosova ve M\u0131s\u0131r gibi \u00fclkelerden 100\u2019\u00fcn \u00fczerinde yabanc\u0131 sat\u0131n alma yetkilisi de fuar\u0131 ziyaret edecek.<\/p>\n<p>Sekt\u00f6r\u00fcn geli\u015fimine katk\u0131 sa\u011fl\u0131yor<br \/>\n<br \/>OPT\u0130C World \u0130zmir, optik sekt\u00f6r\u00fcndeki son teknolojik geli\u015fmeleri takip etmek, yeni i\u015f birlikleri kurmak ve uluslararas\u0131 rekabette g\u00fc\u00e7 kazanmak isteyen sekt\u00f6r profesyonelleri i\u00e7in \u00f6nemli bir platform olu\u015fturuyor. Optik sekt\u00f6r\u00fcne olan talebin artmas\u0131 ve g\u00f6zl\u00fck kullan\u0131m\u0131n\u0131n yayg\u0131nla\u015fmas\u0131yla birlikte bu fuar sekt\u00f6r\u00fcn geli\u015fimine h\u0131z kazand\u0131rmay\u0131 hedefliyor. OPT\u0130C World \u0130zmir, \u00fcreticilerden distrib\u00fct\u00f6rlere, perakende ma\u011faza zincirlerinden sekt\u00f6r \u00e7al\u0131\u015fanlar\u0131na kadar geni\u015f bir ziyaret\u00e7i kitlesini bir araya getirerek yeni i\u015f ortakl\u0131klar\u0131na zemin haz\u0131rlayacak. Ayn\u0131 zamanda, T\u00fcrkiye optik sekt\u00f6r\u00fcn\u00fcn uluslararas\u0131 pazarlarda rekabet g\u00fcc\u00fcn\u00fc art\u0131rmay\u0131 ve yeni \u00fcr\u00fcnlere eri\u015fimi kolayla\u015ft\u0131rmay\u0131 ama\u00e7l\u0131yor.<\/p>\n<p>Geni\u015f destek ve i\u015f birlikleriyle g\u00fc\u00e7leniyor<br \/>\n<br \/>Optic World \u0130zmir &#8211; 2. Optik, G\u00f6zl\u00fck, Oftalmoloji ve Teknolojileri Fuar\u0131; T.C. Ticaret Bakanl\u0131\u011f\u0131, TOBB (T\u00fcrkiye Odalar ve Borsalar Birli\u011fi), \u0130zmir Ticaret Odas\u0131 (\u0130ZTO), Ege B\u00f6lgesi Sanayi Odas\u0131 (EBSO), Ege \u0130hracat\u00e7\u0131 Birlikleri (E\u0130B), \u0130ESOB (\u0130zmir Esnaf ve Sanatkarlar Odas\u0131), \u0130OGO (3. B\u00f6lge \u0130zmir Optisyen G\u00f6zl\u00fck\u00e7\u00fcler Odas\u0131) ve TOGB (T\u00fcrk Optisyen G\u00f6zl\u00fck\u00e7\u00fcler Birli\u011fi) gibi \u00f6nemli kurumlar\u0131n destekleriyle ger\u00e7ekle\u015fecek.<br \/><\/p>\n","protected":false},"excerpt":{"rendered":"<p>Fuarlar kenti \u0130zmir, 20-23 \u015eubat tarihleri aras\u0131nda iki fuara ev sahipli\u011fi yapacak. Makine ve \u00fcretim sekt\u00f6rlerini bir araya getiren IMATECH-3. End\u00fcstriyel \u00dcretim Teknolojileri Fuar\u0131 20 \u015eubat\u2019ta, optik sekt\u00f6r\u00fcndeki en son teknolojik geli\u015fmelerin ve \u00fcr\u00fcnlerin sergilendi\u011fi Optic World \u0130zmir-2. Optik, G\u00f6zl\u00fck, Oftalmoloji ve Teknolojileri Fuar\u0131 ise 21 \u015eubat\u2019ta Fuar \u0130zmir\u2019de kap\u0131lar\u0131n\u0131 a\u00e7acak. IMATECH-End\u00fcstriyel \u00dcretim Teknolojileri Fuar\u0131,&#8230;<\/p>\n","protected":false},"author":1,"featured_media":20040,"comment_status":"open","ping_status":"open","sticky":false,"template":"","format":"standard","meta":{"_crdt_document":"","footnotes":""},"categories":[1],"tags":[],"class_list":["post-20039","post","type-post","status-publish","format-standard","has-post-thumbnail","hentry","category-guncel"],"_links":{"self":[{"href":"https:\/\/www.egemtv.com\/index.php?rest_route=\/wp\/v2\/posts\/20039","targetHints":{"allow":["GET"]}}],"collection":[{"href":"https:\/\/www.egemtv.com\/index.php?rest_route=\/wp\/v2\/posts"}],"about":[{"href":"https:\/\/www.egemtv.com\/index.php?rest_route=\/wp\/v2\/types\/post"}],"author":[{"embeddable":true,"href":"https:\/\/www.egemtv.com\/index.php?rest_route=\/wp\/v2\/users\/1"}],"replies":[{"embeddable":true,"href":"https:\/\/www.egemtv.com\/index.php?rest_route=%2Fwp%2Fv2%2Fcomments&post=20039"}],"version-history":[{"count":1,"href":"https:\/\/www.egemtv.com\/index.php?rest_route=\/wp\/v2\/posts\/20039\/revisions"}],"predecessor-version":[{"id":20041,"href":"https:\/\/www.egemtv.com\/index.php?rest_route=\/wp\/v2\/posts\/20039\/revisions\/20041"}],"wp:featuredmedia":[{"embeddable":true,"href":"https:\/\/www.egemtv.com\/index.php?rest_route=\/wp\/v2\/media\/20040"}],"wp:attachment":[{"href":"https:\/\/www.egemtv.com\/index.php?rest_route=%2Fwp%2Fv2%2Fmedia&parent=20039"}],"wp:term":[{"taxonomy":"category","embeddable":true,"href":"https:\/\/www.egemtv.com\/index.php?rest_route=%2Fwp%2Fv2%2Fcategories&post=20039"},{"taxonomy":"post_tag","embeddable":true,"href":"https:\/\/www.egemtv.com\/index.php?rest_route=%2Fwp%2Fv2%2Ftags&post=20039"}],"curies":[{"name":"wp","href":"https:\/\/api.w.org\/{rel}","templated":true}]}}