{"id":19904,"date":"2025-02-18T10:57:47","date_gmt":"2025-02-18T07:57:47","guid":{"rendered":"https:\/\/www.egemtv.com\/?p=19904"},"modified":"2025-02-18T10:57:52","modified_gmt":"2025-02-18T07:57:52","slug":"uzm-dr-hasan-armagan-uysal-demans-artik-genclerde-de-goruluyor","status":"publish","type":"post","link":"https:\/\/www.egemtv.com\/?p=19904","title":{"rendered":"Uzm. Dr. Hasan Arma\u011fan Uysal: &#8220;Demans, art\u0131k gen\u00e7lerde de g\u00f6r\u00fcl\u00fcyor"},"content":{"rendered":"<p>Medicana Sa\u011fl\u0131k Grubu N\u00f6roloji B\u00f6l\u00fcm\u00fc\u2019nden Uzm. Dr. Hasan Arma\u011fan Uysal, demans\u0131n genellikle ya\u015fl\u0131l\u0131k hastal\u0131\u011f\u0131 olarak biliniyor ancak bu sorun gen\u00e7lerde de g\u00f6r\u00fclebildi\u011fini ifade ederek, &#8220;Ge\u00e7mi\u015fte yaln\u0131zca ileri ya\u015f hastal\u0131\u011f\u0131 olarak g\u00f6r\u00fclen demans, art\u0131k gen\u00e7 ya\u015f grubunda da giderek daha fazla te\u015fhis edilmektedir&#8221; dedi.<br \/>\n<br \/>Gen\u00e7lerde g\u00f6r\u00fclen demans\u0131n belirtileri, genellikle depresyon, anksiyete ya da i\u015f stresiyle kar\u0131\u015ft\u0131r\u0131labildi\u011fi i\u00e7in tan\u0131 zorla\u015f\u0131yor ve te\u015fhiste ge\u00e7 hareket edilebiliyor.<br \/>\n<br \/>Medicana Sa\u011fl\u0131k Grubu N\u00f6roloji B\u00f6l\u00fcm\u00fc\u2019nden Uzm. Dr. Hasan Arma\u011fan Uysal, erken ba\u015flang\u0131\u00e7l\u0131 demans hakk\u0131nda \u00f6nemli a\u00e7\u0131klamalarda bulundu. \u0130zmir \u015eehir Hastanesi\u2019nde n\u00f6roloji klini\u011fi doktorlar\u0131 ve sa\u011fl\u0131k personeline y\u00f6nelik konu\u015fma yapan Uysal, &#8220;Ge\u00e7mi\u015fte yaln\u0131zca ileri ya\u015f hastal\u0131\u011f\u0131 olarak g\u00f6r\u00fclen demans, art\u0131k gen\u00e7 ya\u015f grubunda da giderek daha fazla te\u015fhis edilmektedir. Erken Ba\u015flang\u0131\u00e7l\u0131 Demans (EBD), 65 ya\u015f\u0131ndan \u00f6nce ortaya \u00e7\u0131kan demans t\u00fcrlerini kapsamaktad\u0131r. EBD, bireyin hem i\u015f hem de sosyal hayat\u0131n\u0131 dramatik \u015fekilde etkileyebilmektedir&#8221; dedi. Alzheimer ve di\u011fer demans t\u00fcrlerinin genellikle ya\u015fl\u0131 pop\u00fclasyonla ili\u015fkilendirildi\u011fini s\u00f6yleyen Uzm. Dr. Hasan Arma\u011fan Uysal, &#8220;Depresyon, anksiyete ya da i\u015f stresi ile kar\u0131\u015ft\u0131r\u0131lan EBD\u2019de tan\u0131 gecikti\u011finde hem hastalar hem de aileleri i\u00e7in a\u011f\u0131r sonu\u00e7lara yol a\u00e7abilmektedir. \u00d6zellikle davran\u0131\u015fsal varyant Alzheimer, kortikobazal dejenerasyon ve Lewy cisimcikli demans gibi hastal\u0131klar\u0131n erken belirtilerinin g\u00f6z ard\u0131 edilmemesi gerekmektedir&#8221; diye konu\u015ftu.<\/p>\n<p>&#8220;Genetik fakt\u00f6rler daha \u00e7ok etkili olabiliyor&#8221;<br \/>\n<br \/>45 ya\u015f alt\u0131ndaki vakalarda daha \u00e7ok genetik fakt\u00f6rlerin etkili oldu\u011funu belirten Uzm. Dr. Hasan Arma\u011fan Uysal, 2024\u2019te yap\u0131lan ara\u015ft\u0131rmalarla birlikte demans risk fakt\u00f6rlerine y\u00fcksek LDL kolesterol d\u00fczeyi ve tedavi edilmemi\u015f g\u00f6rme kayb\u0131n\u0131n eklendi\u011fini anlatt\u0131. &#8220;MRI, beyin omurilik s\u0131v\u0131s\u0131 ve PET gibi ileri belirte\u00e7 ve g\u00f6r\u00fcnt\u00fcleme y\u00f6ntemleriyle beyin a\u011flar\u0131n\u0131n nas\u0131l etkilendi\u011fi art\u0131k daha iyi anla\u015f\u0131labilmektedir&#8221; diyen Uzm. Dr. Hasan Arma\u011fan Uysal yapt\u0131\u011f\u0131 sunumda, kolinerjik tedaviler, ya\u015fam tarz\u0131 de\u011fi\u015fiklikleri ve bireyselle\u015ftirilmi\u015f yakla\u015f\u0131mlarla ilgili bilgi verdi.<\/p>\n<p>&#8220;Demans sadece bellek kayb\u0131 de\u011fildir&#8221;<br \/>\n<br \/>Uzm. Dr. Hasan Arma\u011fan Uysal, EBD\u2019nin sadece bellek kayb\u0131yla s\u0131n\u0131rl\u0131 olmad\u0131\u011f\u0131n\u0131, baz\u0131 hastalarda davran\u0131\u015f de\u011fi\u015fiklikleri, y\u00fcr\u00fct\u00fcc\u00fc i\u015flev bozukluklar\u0131, dil kayb\u0131 ve hatta g\u00f6rsel alg\u0131 bozukluklar\u0131yla ba\u015flayabilece\u011fini vurgulayarak s\u00f6zlerine \u015f\u00f6yle devam etti: &#8220;Bu nedenle ki\u015filik de\u011fi\u015fiklikleri, i\u015f performans\u0131ndaki ani d\u00fc\u015f\u00fc\u015fler ve sosyal geri \u00e7ekilme de demans belirtisi olabilir. Erken tan\u0131 konulabilirse, hastal\u0131k s\u00fcrecini yava\u015flatmak, hastaya daha iyi bir ya\u015fam kalitesi sunmak ve bak\u0131m s\u00fcre\u00e7lerini organize etmek m\u00fcmk\u00fcn olabilir. Ancak bunun i\u00e7in hem hasta hem de hekim fark\u0131ndal\u0131\u011f\u0131n\u0131n artmas\u0131 gerekmektedir. Toplumda bu konuda bilincin art\u0131r\u0131lmas\u0131 i\u00e7in fark\u0131ndal\u0131k kampanyalar\u0131 d\u00fczenlenmelidir. EBD konusunda \u00e7al\u0131\u015fan multidisipliner merkezler yayg\u0131nla\u015ft\u0131r\u0131lmal\u0131d\u0131r. Genetik testler ve biyobelirte\u00e7ler daha eri\u015filebilir hale getirilmelidir. Bak\u0131m s\u00fcre\u00e7leri, gen\u00e7 hastalar\u0131n ihtiya\u00e7lar\u0131na g\u00f6re planlanmal\u0131d\u0131r.&#8221;<br \/><\/p>\n","protected":false},"excerpt":{"rendered":"<p>Medicana Sa\u011fl\u0131k Grubu N\u00f6roloji B\u00f6l\u00fcm\u00fc\u2019nden Uzm. Dr. Hasan Arma\u011fan Uysal, demans\u0131n genellikle ya\u015fl\u0131l\u0131k hastal\u0131\u011f\u0131 olarak biliniyor ancak bu sorun gen\u00e7lerde de g\u00f6r\u00fclebildi\u011fini ifade ederek, &#8220;Ge\u00e7mi\u015fte yaln\u0131zca ileri ya\u015f hastal\u0131\u011f\u0131 olarak g\u00f6r\u00fclen demans, art\u0131k gen\u00e7 ya\u015f grubunda da giderek daha fazla te\u015fhis edilmektedir&#8221; dedi. Gen\u00e7lerde g\u00f6r\u00fclen demans\u0131n belirtileri, genellikle depresyon, anksiyete ya da i\u015f stresiyle kar\u0131\u015ft\u0131r\u0131labildi\u011fi&#8230;<\/p>\n","protected":false},"author":1,"featured_media":19905,"comment_status":"open","ping_status":"open","sticky":false,"template":"","format":"standard","meta":{"_crdt_document":"","footnotes":""},"categories":[2],"tags":[],"class_list":["post-19904","post","type-post","status-publish","format-standard","has-post-thumbnail","hentry","category-saglik"],"_links":{"self":[{"href":"https:\/\/www.egemtv.com\/index.php?rest_route=\/wp\/v2\/posts\/19904","targetHints":{"allow":["GET"]}}],"collection":[{"href":"https:\/\/www.egemtv.com\/index.php?rest_route=\/wp\/v2\/posts"}],"about":[{"href":"https:\/\/www.egemtv.com\/index.php?rest_route=\/wp\/v2\/types\/post"}],"author":[{"embeddable":true,"href":"https:\/\/www.egemtv.com\/index.php?rest_route=\/wp\/v2\/users\/1"}],"replies":[{"embeddable":true,"href":"https:\/\/www.egemtv.com\/index.php?rest_route=%2Fwp%2Fv2%2Fcomments&post=19904"}],"version-history":[{"count":1,"href":"https:\/\/www.egemtv.com\/index.php?rest_route=\/wp\/v2\/posts\/19904\/revisions"}],"predecessor-version":[{"id":19906,"href":"https:\/\/www.egemtv.com\/index.php?rest_route=\/wp\/v2\/posts\/19904\/revisions\/19906"}],"wp:featuredmedia":[{"embeddable":true,"href":"https:\/\/www.egemtv.com\/index.php?rest_route=\/wp\/v2\/media\/19905"}],"wp:attachment":[{"href":"https:\/\/www.egemtv.com\/index.php?rest_route=%2Fwp%2Fv2%2Fmedia&parent=19904"}],"wp:term":[{"taxonomy":"category","embeddable":true,"href":"https:\/\/www.egemtv.com\/index.php?rest_route=%2Fwp%2Fv2%2Fcategories&post=19904"},{"taxonomy":"post_tag","embeddable":true,"href":"https:\/\/www.egemtv.com\/index.php?rest_route=%2Fwp%2Fv2%2Ftags&post=19904"}],"curies":[{"name":"wp","href":"https:\/\/api.w.org\/{rel}","templated":true}]}}