{"id":19901,"date":"2025-02-18T10:57:42","date_gmt":"2025-02-18T07:57:42","guid":{"rendered":"https:\/\/www.egemtv.com\/?p=19901"},"modified":"2025-02-18T10:57:47","modified_gmt":"2025-02-18T07:57:47","slug":"muglaya-soguk-ve-kar-uyarisi","status":"publish","type":"post","link":"https:\/\/www.egemtv.com\/?p=19901","title":{"rendered":"Mu\u011fla\u2019ya so\u011fuk ve kar uyar\u0131s\u0131"},"content":{"rendered":"<p>Meteoroloji 4. B\u00f6lge M\u00fcd\u00fcrl\u00fc\u011f\u00fc B\u00f6lge Tahmin ve Uyar\u0131 Merkezinden yap\u0131lan uyar\u0131da, \u00c7ar\u015famba g\u00fcn\u00fcnden itibaren hava s\u0131cakl\u0131\u011f\u0131n\u0131n mevsim normallerinin alt\u0131nda d\u00fc\u015fece\u011fi a\u00e7\u0131klad\u0131.<br \/>\n<br \/>Yap\u0131lan uyar\u0131da, &#8220;Yap\u0131lan son meteorolojik de\u011ferlendirmelere g\u00f6re, 19 \u015eubat \u00c7ar\u015famba g\u00fcn\u00fcnden itibaren, Mu\u011fla b\u00f6lgesinde s\u0131cakl\u0131klar\u0131n hissedilir derecede (8 ila 12 derece) azalarak mevsim normallerinin alt\u0131na inece\u011fi tahmin ediliyor. So\u011fuk havan\u0131n, kuzey y\u00f6nlerden kuvvetli olarak esmesi beklenen r\u00fczg\u00e2rlarla birlikte, \u00c7ar\u015famba g\u00fcn\u00fcnden itibaren 1 haftal\u0131k periyotta etkisini s\u00fcrd\u00fcrmesi bekleniyor. Ayr\u0131ca s\u00f6z konusu periyotta b\u00f6lgemizin i\u00e7 ve y\u00fcksek kesimlerinde kar ya\u011f\u0131\u015flar\u0131n\u0131n g\u00f6r\u00fclece\u011fi tahmin edilmektedir. Meydana gelebilecek kar ya\u011f\u0131\u015f\u0131 ile buzlanma ve don olaylar\u0131na kar\u015f\u0131 Meteoroloji Genel M\u00fcd\u00fcrl\u00fc\u011f\u00fc\u2019n\u00fcn tahmin, meteorolojik de\u011ferlendirme ve erken uyar\u0131lar\u0131n takip edilmesi \u00f6nem arz etmektedir. Baz\u0131 illerimizde \u00f6n\u00fcm\u00fczdeki bir haftal\u0131k periyotta ger\u00e7ekle\u015fmesi beklenen en d\u00fc\u015f\u00fck hava s\u0131cakl\u0131\u011f\u0131 -6 derece dolay\u0131nda olmas\u0131 bekleniyor&#8221; denildi.<br \/><\/p>\n","protected":false},"excerpt":{"rendered":"<p>Meteoroloji 4. B\u00f6lge M\u00fcd\u00fcrl\u00fc\u011f\u00fc B\u00f6lge Tahmin ve Uyar\u0131 Merkezinden yap\u0131lan uyar\u0131da, \u00c7ar\u015famba g\u00fcn\u00fcnden itibaren hava s\u0131cakl\u0131\u011f\u0131n\u0131n mevsim normallerinin alt\u0131nda d\u00fc\u015fece\u011fi a\u00e7\u0131klad\u0131. Yap\u0131lan uyar\u0131da, &#8220;Yap\u0131lan son meteorolojik de\u011ferlendirmelere g\u00f6re, 19 \u015eubat \u00c7ar\u015famba g\u00fcn\u00fcnden itibaren, Mu\u011fla b\u00f6lgesinde s\u0131cakl\u0131klar\u0131n hissedilir derecede (8 ila 12 derece) azalarak mevsim normallerinin alt\u0131na inece\u011fi tahmin ediliyor. So\u011fuk havan\u0131n, kuzey y\u00f6nlerden kuvvetli olarak&#8230;<\/p>\n","protected":false},"author":1,"featured_media":19902,"comment_status":"open","ping_status":"open","sticky":false,"template":"","format":"standard","meta":{"_crdt_document":"","footnotes":""},"categories":[1],"tags":[],"class_list":["post-19901","post","type-post","status-publish","format-standard","has-post-thumbnail","hentry","category-guncel"],"_links":{"self":[{"href":"https:\/\/www.egemtv.com\/index.php?rest_route=\/wp\/v2\/posts\/19901","targetHints":{"allow":["GET"]}}],"collection":[{"href":"https:\/\/www.egemtv.com\/index.php?rest_route=\/wp\/v2\/posts"}],"about":[{"href":"https:\/\/www.egemtv.com\/index.php?rest_route=\/wp\/v2\/types\/post"}],"author":[{"embeddable":true,"href":"https:\/\/www.egemtv.com\/index.php?rest_route=\/wp\/v2\/users\/1"}],"replies":[{"embeddable":true,"href":"https:\/\/www.egemtv.com\/index.php?rest_route=%2Fwp%2Fv2%2Fcomments&post=19901"}],"version-history":[{"count":1,"href":"https:\/\/www.egemtv.com\/index.php?rest_route=\/wp\/v2\/posts\/19901\/revisions"}],"predecessor-version":[{"id":19903,"href":"https:\/\/www.egemtv.com\/index.php?rest_route=\/wp\/v2\/posts\/19901\/revisions\/19903"}],"wp:featuredmedia":[{"embeddable":true,"href":"https:\/\/www.egemtv.com\/index.php?rest_route=\/wp\/v2\/media\/19902"}],"wp:attachment":[{"href":"https:\/\/www.egemtv.com\/index.php?rest_route=%2Fwp%2Fv2%2Fmedia&parent=19901"}],"wp:term":[{"taxonomy":"category","embeddable":true,"href":"https:\/\/www.egemtv.com\/index.php?rest_route=%2Fwp%2Fv2%2Fcategories&post=19901"},{"taxonomy":"post_tag","embeddable":true,"href":"https:\/\/www.egemtv.com\/index.php?rest_route=%2Fwp%2Fv2%2Ftags&post=19901"}],"curies":[{"name":"wp","href":"https:\/\/api.w.org\/{rel}","templated":true}]}}