{"id":19895,"date":"2025-02-18T10:45:37","date_gmt":"2025-02-18T07:45:37","guid":{"rendered":"https:\/\/www.egemtv.com\/?p=19895"},"modified":"2025-02-18T10:45:40","modified_gmt":"2025-02-18T07:45:40","slug":"emet-orman-isletme-mudurlugunde-2025-yili-degerlendirme-toplantisi","status":"publish","type":"post","link":"https:\/\/www.egemtv.com\/?p=19895","title":{"rendered":"Emet Orman \u0130\u015fletme M\u00fcd\u00fcrl\u00fc\u011f\u00fcnde 2025 y\u0131l\u0131 de\u011ferlendirme toplant\u0131s\u0131"},"content":{"rendered":"<p>Emet Orman \u0130\u015fletme M\u00fcd\u00fcrl\u00fc\u011f\u00fcnde 2025 y\u0131l\u0131 programlar\u0131 ve ger\u00e7ekle\u015fmeleri de\u011ferlendirme toplant\u0131s\u0131 ger\u00e7ekle\u015ftirildi.<br \/>\n<br \/>Emet Orman \u0130\u015fletme M\u00fcd\u00fcrl\u00fc\u011f\u00fcnde K\u00fctahya Orman B\u00f6lge M\u00fcd\u00fcr\u00fc Erdal Dingil ba\u015fkanl\u0131\u011f\u0131ndaki 2025 y\u0131l\u0131 programlar\u0131 ve ger\u00e7ekle\u015fmeleri de\u011ferlendirme toplant\u0131s\u0131na B\u00f6lge M\u00fcd\u00fcr Yard\u0131mc\u0131s\u0131 Sava\u015f \u00dcnle \u015eube M\u00fcd\u00fcrleri, ilgili \u0130\u015fletme M\u00fcd\u00fcr\u00fc ve \u0130\u015fletme \u015eefleri kat\u0131l\u0131m sa\u011flad\u0131.<br \/>\n<br \/>Orman B\u00f6lge M\u00fcd\u00fcr\u00fc Erdal Dingil toplant\u0131da, 2025 y\u0131l\u0131 programlar\u0131n\u0131n eyl\u00fcl ay\u0131 sonuna kadar bitirilmesini ve 2026 y\u0131l\u0131 damgalar\u0131n\u0131n b\u00fct\u00e7e toplant\u0131lar\u0131ndan \u00f6nce tamamlanmas\u0131n\u0131, \u00fcretimde \u00e7al\u0131\u015fan i\u015f\u00e7ilerle ileti\u015fimlerinin iyi olmas\u0131 gerekti\u011fi, g\u00f6n\u00fcll\u00fc e\u011fitimlerine devam edilmesi talimatlar\u0131n\u0131 verdi.<br \/><\/p>\n","protected":false},"excerpt":{"rendered":"<p>Emet Orman \u0130\u015fletme M\u00fcd\u00fcrl\u00fc\u011f\u00fcnde 2025 y\u0131l\u0131 programlar\u0131 ve ger\u00e7ekle\u015fmeleri de\u011ferlendirme toplant\u0131s\u0131 ger\u00e7ekle\u015ftirildi. Emet Orman \u0130\u015fletme M\u00fcd\u00fcrl\u00fc\u011f\u00fcnde K\u00fctahya Orman B\u00f6lge M\u00fcd\u00fcr\u00fc Erdal Dingil ba\u015fkanl\u0131\u011f\u0131ndaki 2025 y\u0131l\u0131 programlar\u0131 ve ger\u00e7ekle\u015fmeleri de\u011ferlendirme toplant\u0131s\u0131na B\u00f6lge M\u00fcd\u00fcr Yard\u0131mc\u0131s\u0131 Sava\u015f \u00dcnle \u015eube M\u00fcd\u00fcrleri, ilgili \u0130\u015fletme M\u00fcd\u00fcr\u00fc ve \u0130\u015fletme \u015eefleri kat\u0131l\u0131m sa\u011flad\u0131. Orman B\u00f6lge M\u00fcd\u00fcr\u00fc Erdal Dingil toplant\u0131da, 2025 y\u0131l\u0131 programlar\u0131n\u0131n eyl\u00fcl&#8230;<\/p>\n","protected":false},"author":1,"featured_media":19896,"comment_status":"open","ping_status":"open","sticky":false,"template":"","format":"standard","meta":{"_crdt_document":"","footnotes":""},"categories":[125],"tags":[],"class_list":["post-19895","post","type-post","status-publish","format-standard","has-post-thumbnail","hentry","category-ekonomi"],"_links":{"self":[{"href":"https:\/\/www.egemtv.com\/index.php?rest_route=\/wp\/v2\/posts\/19895","targetHints":{"allow":["GET"]}}],"collection":[{"href":"https:\/\/www.egemtv.com\/index.php?rest_route=\/wp\/v2\/posts"}],"about":[{"href":"https:\/\/www.egemtv.com\/index.php?rest_route=\/wp\/v2\/types\/post"}],"author":[{"embeddable":true,"href":"https:\/\/www.egemtv.com\/index.php?rest_route=\/wp\/v2\/users\/1"}],"replies":[{"embeddable":true,"href":"https:\/\/www.egemtv.com\/index.php?rest_route=%2Fwp%2Fv2%2Fcomments&post=19895"}],"version-history":[{"count":1,"href":"https:\/\/www.egemtv.com\/index.php?rest_route=\/wp\/v2\/posts\/19895\/revisions"}],"predecessor-version":[{"id":19897,"href":"https:\/\/www.egemtv.com\/index.php?rest_route=\/wp\/v2\/posts\/19895\/revisions\/19897"}],"wp:featuredmedia":[{"embeddable":true,"href":"https:\/\/www.egemtv.com\/index.php?rest_route=\/wp\/v2\/media\/19896"}],"wp:attachment":[{"href":"https:\/\/www.egemtv.com\/index.php?rest_route=%2Fwp%2Fv2%2Fmedia&parent=19895"}],"wp:term":[{"taxonomy":"category","embeddable":true,"href":"https:\/\/www.egemtv.com\/index.php?rest_route=%2Fwp%2Fv2%2Fcategories&post=19895"},{"taxonomy":"post_tag","embeddable":true,"href":"https:\/\/www.egemtv.com\/index.php?rest_route=%2Fwp%2Fv2%2Ftags&post=19895"}],"curies":[{"name":"wp","href":"https:\/\/api.w.org\/{rel}","templated":true}]}}