{"id":19892,"date":"2025-02-18T10:39:37","date_gmt":"2025-02-18T07:39:37","guid":{"rendered":"https:\/\/www.egemtv.com\/?p=19892"},"modified":"2025-02-18T10:39:42","modified_gmt":"2025-02-18T07:39:42","slug":"karacakalda-su-tasarrufu-saglandi","status":"publish","type":"post","link":"https:\/\/www.egemtv.com\/?p=19892","title":{"rendered":"Kara\u00e7akal\u2019da su tasarrufu sa\u011fland\u0131"},"content":{"rendered":"<p>Ayd\u0131n B\u00fcy\u00fck\u015fehir Belediyesi ve Yenipazar Belediyesi i\u015fbirli\u011fi, il\u00e7ede \u00f6nemli \u00e7al\u0131\u015fmalar\u0131n yap\u0131lmas\u0131na \u00f6nc\u00fcl\u00fck ediyor. Son olarak yap\u0131lan \u00e7al\u0131\u015fmalar neticesinde Kara\u00e7akal\/Mestanlar Mahallesi\u2019nde 2 farkl\u0131 kaynaktan gelen su g\u00f6lete ak\u0131t\u0131larak su tasarrufunun sa\u011flanmas\u0131 ama\u00e7land\u0131.<\/p>\n<p>Ayd\u0131n B\u00fcy\u00fck\u015fehir Belediyesi ASK\u0130 ekipleri ve Yenipazar Belediyesi ekiplerinin ortak \u00e7al\u0131\u015fmas\u0131 sonucunda, Kara\u00e7akal\/Mestanlar Mahallesinde Kas\u0131m ay\u0131ndan Haziran ay\u0131na kadar su akan Da\u015f Ah\u0131rlar mevkisi ve y\u0131l\u0131n 12 ay\u0131 su akan B\u00f6\u011f\u00fcrtlencik mevkisindeki su kaynaklar\u0131na boru hatt\u0131 d\u00f6\u015fenerek akan suyun g\u00f6lete b\u0131rak\u0131lmas\u0131 sa\u011fland\u0131. \u00c7al\u0131\u015fmalar neticesinde g\u00f6let geni\u015fletilerek su kapasitesi de art\u0131r\u0131ld\u0131. \u00c7al\u0131\u015fmaya ili\u015fkin a\u00e7\u0131klamalarda bulunan Yenipazar Belediye Ba\u015fkan\u0131 Malik Ercan, su tasarrufu kapsam\u0131nda yap\u0131lan bu \u00e7al\u0131\u015fman\u0131n \u00e7ok k\u0131ymetli oldu\u011funu ifade etti.<\/p>\n<p>&#8220;\u00d6zlem Ba\u015fkana te\u015fekk\u00fcr ederim&#8221;<br \/>\n<br \/>Belediye Ba\u015fkan\u0131 Malik Ercan, &#8220;Ayd\u0131n B\u00fcy\u00fck\u015fehir Belediyemiz ile koordineli hareket ederek il\u00e7emize g\u00fczel hizmetler yapt\u0131k, yap\u0131yoruz ve yapaca\u011f\u0131z. Bu hizmetlerimizden bir tanesi de Kara\u00e7akal\/Mestanlar Mahallemizde 2 farkl\u0131 kaynaktan gelen suyumuzu yakla\u015f\u0131k 2.5 kilometrelik boru hatt\u0131 \u00e7ekme \u00e7al\u0131\u015fmas\u0131 neticesinde g\u00f6lete ak\u0131tt\u0131k. G\u00f6letimizi geni\u015flettik, su kapasitesini art\u0131rd\u0131k. K\u00fc\u00e7\u00fckba\u015f ve b\u00fcy\u00fckba\u015f hayvanc\u0131l\u0131k ile ge\u00e7imini sa\u011flayan k\u00f6yl\u00fclerimiz i\u00e7in hayvanlar\u0131n\u0131n su ihtiyac\u0131n\u0131 g\u00f6letten kar\u015f\u0131lamas\u0131 b\u00fcy\u00fck bir tasarruf olacakt\u0131r. Allah g\u00f6stermesin, orman yang\u0131nlar\u0131nda yine bu g\u00f6letten su ihtiyac\u0131 kar\u015f\u0131lanacakt\u0131r. Yenipazar\u0131m\u0131z i\u00e7in yap\u0131lan \u00e7al\u0131\u015fmalarda bizlerin her zaman arkas\u0131nda duran Ayd\u0131n B\u00fcy\u00fck\u015fehir Belediye Ba\u015fkan\u0131m \u00d6zlem \u00c7er\u00e7io\u011flu\u2019na \u00e7ok te\u015fekk\u00fcr ediyorum&#8221; dedi.<br \/><\/p>\n","protected":false},"excerpt":{"rendered":"<p>Ayd\u0131n B\u00fcy\u00fck\u015fehir Belediyesi ve Yenipazar Belediyesi i\u015fbirli\u011fi, il\u00e7ede \u00f6nemli \u00e7al\u0131\u015fmalar\u0131n yap\u0131lmas\u0131na \u00f6nc\u00fcl\u00fck ediyor. Son olarak yap\u0131lan \u00e7al\u0131\u015fmalar neticesinde Kara\u00e7akal\/Mestanlar Mahallesi\u2019nde 2 farkl\u0131 kaynaktan gelen su g\u00f6lete ak\u0131t\u0131larak su tasarrufunun sa\u011flanmas\u0131 ama\u00e7land\u0131. Ayd\u0131n B\u00fcy\u00fck\u015fehir Belediyesi ASK\u0130 ekipleri ve Yenipazar Belediyesi ekiplerinin ortak \u00e7al\u0131\u015fmas\u0131 sonucunda, Kara\u00e7akal\/Mestanlar Mahallesinde Kas\u0131m ay\u0131ndan Haziran ay\u0131na kadar su akan Da\u015f Ah\u0131rlar mevkisi&#8230;<\/p>\n","protected":false},"author":1,"featured_media":19893,"comment_status":"open","ping_status":"open","sticky":false,"template":"","format":"standard","meta":{"_crdt_document":"","footnotes":""},"categories":[1],"tags":[],"class_list":["post-19892","post","type-post","status-publish","format-standard","has-post-thumbnail","hentry","category-guncel"],"_links":{"self":[{"href":"https:\/\/www.egemtv.com\/index.php?rest_route=\/wp\/v2\/posts\/19892","targetHints":{"allow":["GET"]}}],"collection":[{"href":"https:\/\/www.egemtv.com\/index.php?rest_route=\/wp\/v2\/posts"}],"about":[{"href":"https:\/\/www.egemtv.com\/index.php?rest_route=\/wp\/v2\/types\/post"}],"author":[{"embeddable":true,"href":"https:\/\/www.egemtv.com\/index.php?rest_route=\/wp\/v2\/users\/1"}],"replies":[{"embeddable":true,"href":"https:\/\/www.egemtv.com\/index.php?rest_route=%2Fwp%2Fv2%2Fcomments&post=19892"}],"version-history":[{"count":1,"href":"https:\/\/www.egemtv.com\/index.php?rest_route=\/wp\/v2\/posts\/19892\/revisions"}],"predecessor-version":[{"id":19894,"href":"https:\/\/www.egemtv.com\/index.php?rest_route=\/wp\/v2\/posts\/19892\/revisions\/19894"}],"wp:featuredmedia":[{"embeddable":true,"href":"https:\/\/www.egemtv.com\/index.php?rest_route=\/wp\/v2\/media\/19893"}],"wp:attachment":[{"href":"https:\/\/www.egemtv.com\/index.php?rest_route=%2Fwp%2Fv2%2Fmedia&parent=19892"}],"wp:term":[{"taxonomy":"category","embeddable":true,"href":"https:\/\/www.egemtv.com\/index.php?rest_route=%2Fwp%2Fv2%2Fcategories&post=19892"},{"taxonomy":"post_tag","embeddable":true,"href":"https:\/\/www.egemtv.com\/index.php?rest_route=%2Fwp%2Fv2%2Ftags&post=19892"}],"curies":[{"name":"wp","href":"https:\/\/api.w.org\/{rel}","templated":true}]}}