{"id":19889,"date":"2025-02-18T10:34:42","date_gmt":"2025-02-18T07:34:42","guid":{"rendered":"https:\/\/www.egemtv.com\/?p=19889"},"modified":"2025-02-18T10:34:47","modified_gmt":"2025-02-18T07:34:47","slug":"aydinda-minikler-spor-aliskanligi-kazaniyor","status":"publish","type":"post","link":"https:\/\/www.egemtv.com\/?p=19889","title":{"rendered":"Ayd\u0131n\u2019da minikler, spor al\u0131\u015fkanl\u0131\u011f\u0131 kazan\u0131yor"},"content":{"rendered":"<p>Ayd\u0131n\u2019da e\u011fitim g\u00f6ren 4. s\u0131n\u0131f \u00f6\u011frencileri, &#8220;Spora ilk ad\u0131m&#8221; projesi ile hem spor al\u0131\u015fkanl\u0131\u011f\u0131 kazan\u0131yor hem de sporu ya\u015fam tarz\u0131na \u00e7eviriyor.<\/p>\n<p>Ayd\u0131n Gen\u00e7lik ve Spor \u0130l M\u00fcd\u00fcrl\u00fc\u011f\u00fc koordinesinde d\u00fczenlenen &#8220;Spora ilk ad\u0131m&#8221; projesi, minik \u00f6\u011frencilere sporu sevdirmeye devam ediyor. Ger\u00e7ekle\u015ftirilen e\u011fitimler \u00e7er\u00e7evesinde 4. s\u0131n\u0131f \u00f6\u011frencileri hem e\u011fleniyor hem de sporu seviyor. Bran\u015flar\u0131nda uzman e\u011fitmenlerin kat\u0131l\u0131m\u0131yla verilen e\u011fitimlerde sporun ya\u015fam tarz\u0131na d\u00f6n\u00fc\u015ft\u00fcr\u00fclmesi hedeflenirken, \u00e7ocuklar\u0131n potansiyellerini ke\u015ffetmeleri sa\u011flan\u0131yor.<\/p>\n<p>Konu ile ilgili Ayd\u0131n Gen\u00e7lik ve Spor \u0130l M\u00fcd\u00fcrl\u00fc\u011f\u00fc\u2019nden yap\u0131lan a\u00e7\u0131klamada &#8220;Minik ad\u0131mlarla b\u00fcy\u00fck hayallere. Spora \u0130lk Ad\u0131m Projesi kapsam\u0131nda 4. s\u0131n\u0131f \u00f6\u011frencilerimiz sportif antrenmanlar\u0131na t\u00fcm enerjileriyle devam ediyor&#8221; ifadeleri yer ald\u0131.<br \/><\/p>\n","protected":false},"excerpt":{"rendered":"<p>Ayd\u0131n\u2019da e\u011fitim g\u00f6ren 4. s\u0131n\u0131f \u00f6\u011frencileri, &#8220;Spora ilk ad\u0131m&#8221; projesi ile hem spor al\u0131\u015fkanl\u0131\u011f\u0131 kazan\u0131yor hem de sporu ya\u015fam tarz\u0131na \u00e7eviriyor. Ayd\u0131n Gen\u00e7lik ve Spor \u0130l M\u00fcd\u00fcrl\u00fc\u011f\u00fc koordinesinde d\u00fczenlenen &#8220;Spora ilk ad\u0131m&#8221; projesi, minik \u00f6\u011frencilere sporu sevdirmeye devam ediyor. Ger\u00e7ekle\u015ftirilen e\u011fitimler \u00e7er\u00e7evesinde 4. s\u0131n\u0131f \u00f6\u011frencileri hem e\u011fleniyor hem de sporu seviyor. Bran\u015flar\u0131nda uzman e\u011fitmenlerin kat\u0131l\u0131m\u0131yla&#8230;<\/p>\n","protected":false},"author":1,"featured_media":19890,"comment_status":"open","ping_status":"open","sticky":false,"template":"","format":"standard","meta":{"_crdt_document":"","footnotes":""},"categories":[4],"tags":[],"class_list":["post-19889","post","type-post","status-publish","format-standard","has-post-thumbnail","hentry","category-spor"],"_links":{"self":[{"href":"https:\/\/www.egemtv.com\/index.php?rest_route=\/wp\/v2\/posts\/19889","targetHints":{"allow":["GET"]}}],"collection":[{"href":"https:\/\/www.egemtv.com\/index.php?rest_route=\/wp\/v2\/posts"}],"about":[{"href":"https:\/\/www.egemtv.com\/index.php?rest_route=\/wp\/v2\/types\/post"}],"author":[{"embeddable":true,"href":"https:\/\/www.egemtv.com\/index.php?rest_route=\/wp\/v2\/users\/1"}],"replies":[{"embeddable":true,"href":"https:\/\/www.egemtv.com\/index.php?rest_route=%2Fwp%2Fv2%2Fcomments&post=19889"}],"version-history":[{"count":1,"href":"https:\/\/www.egemtv.com\/index.php?rest_route=\/wp\/v2\/posts\/19889\/revisions"}],"predecessor-version":[{"id":19891,"href":"https:\/\/www.egemtv.com\/index.php?rest_route=\/wp\/v2\/posts\/19889\/revisions\/19891"}],"wp:featuredmedia":[{"embeddable":true,"href":"https:\/\/www.egemtv.com\/index.php?rest_route=\/wp\/v2\/media\/19890"}],"wp:attachment":[{"href":"https:\/\/www.egemtv.com\/index.php?rest_route=%2Fwp%2Fv2%2Fmedia&parent=19889"}],"wp:term":[{"taxonomy":"category","embeddable":true,"href":"https:\/\/www.egemtv.com\/index.php?rest_route=%2Fwp%2Fv2%2Fcategories&post=19889"},{"taxonomy":"post_tag","embeddable":true,"href":"https:\/\/www.egemtv.com\/index.php?rest_route=%2Fwp%2Fv2%2Ftags&post=19889"}],"curies":[{"name":"wp","href":"https:\/\/api.w.org\/{rel}","templated":true}]}}