{"id":19886,"date":"2025-02-18T10:34:36","date_gmt":"2025-02-18T07:34:36","guid":{"rendered":"https:\/\/www.egemtv.com\/?p=19886"},"modified":"2025-02-18T10:34:42","modified_gmt":"2025-02-18T07:34:42","slug":"koycegiz-kaymakami-maslak-mahalle-ziyaretlerine-devam-ediyor","status":"publish","type":"post","link":"https:\/\/www.egemtv.com\/?p=19886","title":{"rendered":"K\u00f6yce\u011fiz Kaymakam\u0131 Maslak, mahalle ziyaretlerine devam ediyor"},"content":{"rendered":"<p>Mu\u011fla\u2019n\u0131n K\u00f6yce\u011fiz il\u00e7e Kaymakam\u0131 Mustafa Maslak halk\u0131n g\u00fcvenli\u011fini, huzurunu, ya\u015fam kalitesinin artt\u0131r\u0131lmas\u0131n\u0131 hedefleyen mahalle ziyaretlerine devam ediyor.<\/p>\n<p>K\u00f6yce\u011fiz Kaymakam\u0131 Mustafa Maslak kamu hizmetlerini daha h\u0131zl\u0131, daha verimli ve daha etkin sunabilmek amac\u0131yla mahalle ziyaretleri kapsam\u0131nda K\u00f6yce\u011fiz D\u00f6\u011f\u00fc\u015fbelen Mahallesi\u2019ni ziyaret ederek, mahalle halk\u0131 ile bir araya gelip vatanda\u015flar ile sohbet etti, sorun, talep ve \u00f6nerilerini dinledi. S\u0131cak bir ortamda ge\u00e7en sohbet soru cevap \u015feklinde devam etti. Kaymakam Maslak, ziyarette Mahalle Muhtar\u0131 Sel\u00e7uk G\u00f6kp\u0131nar\u2019dan mahallede devam eden \u00e7al\u0131\u015fmalar hakk\u0131nda bilgi ald\u0131.<br \/><\/p>\n","protected":false},"excerpt":{"rendered":"<p>Mu\u011fla\u2019n\u0131n K\u00f6yce\u011fiz il\u00e7e Kaymakam\u0131 Mustafa Maslak halk\u0131n g\u00fcvenli\u011fini, huzurunu, ya\u015fam kalitesinin artt\u0131r\u0131lmas\u0131n\u0131 hedefleyen mahalle ziyaretlerine devam ediyor. K\u00f6yce\u011fiz Kaymakam\u0131 Mustafa Maslak kamu hizmetlerini daha h\u0131zl\u0131, daha verimli ve daha etkin sunabilmek amac\u0131yla mahalle ziyaretleri kapsam\u0131nda K\u00f6yce\u011fiz D\u00f6\u011f\u00fc\u015fbelen Mahallesi\u2019ni ziyaret ederek, mahalle halk\u0131 ile bir araya gelip vatanda\u015flar ile sohbet etti, sorun, talep ve \u00f6nerilerini dinledi&#8230;.<\/p>\n","protected":false},"author":1,"featured_media":19887,"comment_status":"open","ping_status":"open","sticky":false,"template":"","format":"standard","meta":{"_crdt_document":"","footnotes":""},"categories":[1],"tags":[],"class_list":["post-19886","post","type-post","status-publish","format-standard","has-post-thumbnail","hentry","category-guncel"],"_links":{"self":[{"href":"https:\/\/www.egemtv.com\/index.php?rest_route=\/wp\/v2\/posts\/19886","targetHints":{"allow":["GET"]}}],"collection":[{"href":"https:\/\/www.egemtv.com\/index.php?rest_route=\/wp\/v2\/posts"}],"about":[{"href":"https:\/\/www.egemtv.com\/index.php?rest_route=\/wp\/v2\/types\/post"}],"author":[{"embeddable":true,"href":"https:\/\/www.egemtv.com\/index.php?rest_route=\/wp\/v2\/users\/1"}],"replies":[{"embeddable":true,"href":"https:\/\/www.egemtv.com\/index.php?rest_route=%2Fwp%2Fv2%2Fcomments&post=19886"}],"version-history":[{"count":1,"href":"https:\/\/www.egemtv.com\/index.php?rest_route=\/wp\/v2\/posts\/19886\/revisions"}],"predecessor-version":[{"id":19888,"href":"https:\/\/www.egemtv.com\/index.php?rest_route=\/wp\/v2\/posts\/19886\/revisions\/19888"}],"wp:featuredmedia":[{"embeddable":true,"href":"https:\/\/www.egemtv.com\/index.php?rest_route=\/wp\/v2\/media\/19887"}],"wp:attachment":[{"href":"https:\/\/www.egemtv.com\/index.php?rest_route=%2Fwp%2Fv2%2Fmedia&parent=19886"}],"wp:term":[{"taxonomy":"category","embeddable":true,"href":"https:\/\/www.egemtv.com\/index.php?rest_route=%2Fwp%2Fv2%2Fcategories&post=19886"},{"taxonomy":"post_tag","embeddable":true,"href":"https:\/\/www.egemtv.com\/index.php?rest_route=%2Fwp%2Fv2%2Ftags&post=19886"}],"curies":[{"name":"wp","href":"https:\/\/api.w.org\/{rel}","templated":true}]}}