{"id":19880,"date":"2025-02-18T10:26:50","date_gmt":"2025-02-18T07:26:50","guid":{"rendered":"https:\/\/www.egemtv.com\/?p=19880"},"modified":"2025-02-18T10:26:55","modified_gmt":"2025-02-18T07:26:55","slug":"cocuklar-icin-tasarladi-odule-ulasti","status":"publish","type":"post","link":"https:\/\/www.egemtv.com\/?p=19880","title":{"rendered":"\u00c7ocuklar i\u00e7in tasarlad\u0131, \u00f6d\u00fcle ula\u015ft\u0131"},"content":{"rendered":"<p>\u0130zmir Ekonomi \u00dcniversitesi (\u0130E\u00dc) Tekstil ve Moda Tasar\u0131m\u0131 B\u00f6l\u00fcm\u00fc \u00f6\u011frencisi Melek Nur Y\u00fcksel, 3-4 ya\u015f aral\u0131\u011f\u0131ndaki erkek \u00e7ocuklar i\u00e7in tasarlad\u0131\u011f\u0131 \u00f6zel koleksiyonla Junioshow Bebek ve \u00c7ocuk Giyim Gen\u00e7 Tasar\u0131mc\u0131lar Yar\u0131\u015fmas\u0131\u2019nda \u00fc\u00e7\u00fcnc\u00fc oldu. \u00dcnl\u00fc ressam Salvador Dali\u2019den esinlenerek haz\u0131rlad\u0131\u011f\u0131 \u2018Dali Beach\u2019 adl\u0131 koleksiyonuyla dereceye girerek 15 bin TL\u2019lik \u00f6d\u00fcl\u00fcn sahibi olan Y\u00fcksel, yurt d\u0131\u015f\u0131 e\u011fitim bursuna ba\u015fvuru hakk\u0131n\u0131 da elde etti.<br \/>\n<br \/>Ticaret Bakanl\u0131\u011f\u0131\u2019n\u0131n deste\u011fiyle Bursa Ticaret ve Sanayi Odas\u0131 (BTSO) taraf\u0131ndan d\u00fczenlenen yar\u0131\u015fma, bu y\u0131l da b\u00fcy\u00fck heyecana sahne oldu. \u0130E\u00dc Tekstil ve Moda Tasar\u0131m\u0131 B\u00f6l\u00fcm\u00fc \u00fc\u00e7\u00fcnc\u00fc s\u0131n\u0131f \u00f6\u011frencisi Melek Nur Y\u00fcksel, \u2018Ger\u00e7ek\u00fcst\u00fc Hayal Et, Sorumlu \u00dcret\u2019 temas\u0131yla ger\u00e7ekle\u015fen yar\u0131\u015fmada; sentetik madde i\u00e7ermeyen, sa\u011fl\u0131kl\u0131 ve do\u011fal tasar\u0131mlar\u0131yla yer ald\u0131. Projesinde, \u00fcnl\u00fc sanat\u00e7\u0131 Salvador Dali\u2019den ilham ald\u0131\u011f\u0131n\u0131 ve onun tablolar\u0131n\u0131 \u00e7ocuklar i\u00e7in daha e\u011flenceli bir hale getirerek \u00f6zel k\u0131yafetler tasarlad\u0131\u011f\u0131n\u0131 belirten Y\u00fcksel, &#8220;3-4 ya\u015f aral\u0131\u011f\u0131ndaki erkek \u00e7ocuklar\u0131na hitap eden bir yaz koleksiyonu haz\u0131rlad\u0131m. Tasar\u0131mlar\u0131m\u0131n \u00fcst\u00fcnde bask\u0131, aplike ve nak\u0131\u015f i\u015flemleri yer ald\u0131. 14 par\u00e7al\u0131k koleksiyonumda, genellikle organik pamuklu kuma\u015flar kulland\u0131m. Kuma\u015f desenlerini, Salvador Dali ressam oldu\u011fu i\u00e7in f\u0131r\u00e7a darbelerinden olu\u015fturdum. K\u0131yafetlerin \u00fczerinde, Dali\u2019nin tablolar\u0131ndaki fig\u00fcrler yer ald\u0131. Baz\u0131 tasar\u0131mlarda, tablolara ek olarak \u00e7ocuklar\u0131n sevebilece\u011fi hayvanlar\u0131n g\u00f6rsellerine de yer verdim&#8221; dedi.<\/p>\n<p>&#8220;Kariyerime y\u00f6n verecek&#8221;<br \/>\n<br \/>Yar\u0131\u015fmaya, \u00fcniversitede dersine giren \u00d6\u011fretim G\u00f6revlisi Angela Burns\u2019un y\u00f6nlendirmesiyle ba\u015fvurdu\u011funu s\u00f6yleyen Y\u00fcksel, &#8220;Bu \u00f6d\u00fcl, benim bir \u015feyleri ba\u015farabilece\u011fime olan inanc\u0131m\u0131 ve \u00f6zg\u00fcvenimi daha da art\u0131rd\u0131. \u00dcniversiteme b\u00f6yle bir ba\u015far\u0131 getirmenin gururunu da ya\u015f\u0131yorum. Yar\u0131\u015fmaya ba\u015fvurmadan \u00f6nce, \u00e7ocuk tasar\u0131m\u0131 alan\u0131nda \u00e7al\u0131\u015fmay\u0131 hi\u00e7 akl\u0131mdan ge\u00e7irmemi\u015ftim. Hep, kad\u0131n ya da erkek koleksiyonlar\u0131 \u00e7\u0131kar\u0131r\u0131m diye d\u00fc\u015f\u00fcn\u00fcyordum. Bu yar\u0131\u015fma, d\u00fc\u015f\u00fcncelerimi de\u011fi\u015ftirdi ve kariyerime yeni bir y\u00f6n verdi. \u00c7\u00fcnk\u00fc \u00e7ocuklar i\u00e7in \u00e7al\u0131\u015f\u0131rken \u00e7ok keyif ald\u0131m. \u0130lerleyen d\u00f6nemde, b\u00fcy\u00fck markalar\u0131n \u00e7ocuk alan\u0131nda \u00e7al\u0131\u015fmak ya da kendi markam\u0131 olu\u015fturmak istiyorum&#8221; diye konu\u015ftu.<\/p>\n<p>&#8220;Hep ablam gibi olmak istedim&#8221;<br \/>\n<br \/>Moda ve tekstil tasar\u0131m\u0131 b\u00f6l\u00fcm\u00fcn\u00fc bitiren, \u015fimdi de b\u00fcy\u00fck bir tekstil markas\u0131nda tasar\u0131mc\u0131 olarak \u00e7al\u0131\u015fan ablas\u0131ndan ilham ald\u0131\u011f\u0131n\u0131 belirten Y\u00fcksel, &#8220;Ben, 6-7 ya\u015flar\u0131nda hen\u00fcz ikinci s\u0131n\u0131fa giderken, ablam \u00fcniversitede okuyordu. Hep onun yapt\u0131\u011f\u0131 \u00e7izimler dikkatimi \u00e7ekiyordu. Onu izledik\u00e7e bende de k\u00fc\u00e7\u00fck ya\u015ftan itibaren bir moda tutkusu olu\u015ftu. Okuma yazma bile bilmiyorken, evin her k\u00f6\u015fesinde resim yap\u0131yordum. Ablam\u0131n moda tasar\u0131m b\u00f6l\u00fcm\u00fcn\u00fc okumas\u0131, beni \u2018Evet, ben de bunu b\u00f6l\u00fcm\u00fc okumak istiyorum\u2019 d\u00fc\u015f\u00fcncesine itti. O ya\u015flardan beri hep \u2018Ben, modac\u0131 olaca\u011f\u0131m\u2019 diyordum ve \u00e7ok \u015f\u00fck\u00fcr bu nasip oldu. Ablam\u0131 rol model almam ve moda tasar\u0131m alan\u0131ndaki tutkum, bana \u00f6d\u00fcl getirdi. Bu a\u00e7\u0131dan \u00e7ok mutluyum&#8221; ifadelerini kulland\u0131.<br \/><\/p>\n","protected":false},"excerpt":{"rendered":"<p>\u0130zmir Ekonomi \u00dcniversitesi (\u0130E\u00dc) Tekstil ve Moda Tasar\u0131m\u0131 B\u00f6l\u00fcm\u00fc \u00f6\u011frencisi Melek Nur Y\u00fcksel, 3-4 ya\u015f aral\u0131\u011f\u0131ndaki erkek \u00e7ocuklar i\u00e7in tasarlad\u0131\u011f\u0131 \u00f6zel koleksiyonla Junioshow Bebek ve \u00c7ocuk Giyim Gen\u00e7 Tasar\u0131mc\u0131lar Yar\u0131\u015fmas\u0131\u2019nda \u00fc\u00e7\u00fcnc\u00fc oldu. \u00dcnl\u00fc ressam Salvador Dali\u2019den esinlenerek haz\u0131rlad\u0131\u011f\u0131 \u2018Dali Beach\u2019 adl\u0131 koleksiyonuyla dereceye girerek 15 bin TL\u2019lik \u00f6d\u00fcl\u00fcn sahibi olan Y\u00fcksel, yurt d\u0131\u015f\u0131 e\u011fitim bursuna&#8230;<\/p>\n","protected":false},"author":1,"featured_media":19881,"comment_status":"open","ping_status":"open","sticky":false,"template":"","format":"standard","meta":{"_crdt_document":"","footnotes":""},"categories":[1],"tags":[],"class_list":["post-19880","post","type-post","status-publish","format-standard","has-post-thumbnail","hentry","category-guncel"],"_links":{"self":[{"href":"https:\/\/www.egemtv.com\/index.php?rest_route=\/wp\/v2\/posts\/19880","targetHints":{"allow":["GET"]}}],"collection":[{"href":"https:\/\/www.egemtv.com\/index.php?rest_route=\/wp\/v2\/posts"}],"about":[{"href":"https:\/\/www.egemtv.com\/index.php?rest_route=\/wp\/v2\/types\/post"}],"author":[{"embeddable":true,"href":"https:\/\/www.egemtv.com\/index.php?rest_route=\/wp\/v2\/users\/1"}],"replies":[{"embeddable":true,"href":"https:\/\/www.egemtv.com\/index.php?rest_route=%2Fwp%2Fv2%2Fcomments&post=19880"}],"version-history":[{"count":1,"href":"https:\/\/www.egemtv.com\/index.php?rest_route=\/wp\/v2\/posts\/19880\/revisions"}],"predecessor-version":[{"id":19882,"href":"https:\/\/www.egemtv.com\/index.php?rest_route=\/wp\/v2\/posts\/19880\/revisions\/19882"}],"wp:featuredmedia":[{"embeddable":true,"href":"https:\/\/www.egemtv.com\/index.php?rest_route=\/wp\/v2\/media\/19881"}],"wp:attachment":[{"href":"https:\/\/www.egemtv.com\/index.php?rest_route=%2Fwp%2Fv2%2Fmedia&parent=19880"}],"wp:term":[{"taxonomy":"category","embeddable":true,"href":"https:\/\/www.egemtv.com\/index.php?rest_route=%2Fwp%2Fv2%2Fcategories&post=19880"},{"taxonomy":"post_tag","embeddable":true,"href":"https:\/\/www.egemtv.com\/index.php?rest_route=%2Fwp%2Fv2%2Ftags&post=19880"}],"curies":[{"name":"wp","href":"https:\/\/api.w.org\/{rel}","templated":true}]}}