{"id":19877,"date":"2025-02-18T10:26:44","date_gmt":"2025-02-18T07:26:44","guid":{"rendered":"https:\/\/www.egemtv.com\/?p=19877"},"modified":"2025-02-18T10:26:50","modified_gmt":"2025-02-18T07:26:50","slug":"polis-aradigi-uyusturucuyu-aracin-sigorta-kutusunda-buldu","status":"publish","type":"post","link":"https:\/\/www.egemtv.com\/?p=19877","title":{"rendered":"Polis arad\u0131\u011f\u0131 uyu\u015fturucuyu arac\u0131n sigorta kutusunda buldu"},"content":{"rendered":"<p>Afyonkarahisar\u2019da polisin \u015f\u00fcphe \u00fczerine durdurarak emniyete g\u00f6t\u00fcr\u00fcp arama yapt\u0131\u011f\u0131 otomobilin sigorta kutusunda 140 gram uyu\u015fturucu ile hassas terazi ele ge\u00e7irildi.<br \/>\n<br \/>Olay, kent merkezinde meydana geldi. Edinilen bilgilere g\u00f6re, kent giri\u015finde yol uygulamas\u0131 yapan Afyonkarahisar \u0130l Emniyet M\u00fcd\u00fcrl\u00fc\u011f\u00fc\u2019ne ba\u011fl\u0131 ekipler durumundan \u015f\u00fcphelendikleri bir SUV arac\u0131 durdurdu. Ard\u0131ndan ara\u00e7ta bulunan \u015fah\u0131slar\u0131n \u015f\u00fcpheli hareketlerde bulunduklar\u0131n\u0131 fark eden ekipleri arac\u0131 emniyete g\u00f6t\u00fcrerek arama yapt\u0131. E\u011fitimli narkotik k\u00f6peklerinde kulland\u0131\u011f\u0131 aramada arac\u0131n sigorta kutusunda 140 gram uyu\u015fturucu madde, 2 adet uyu\u015fturucu madde ve 1 adet hassas terazi ele ge\u00e7irildi. Olay\u0131n ard\u0131ndan g\u00f6zalt\u0131na al\u0131nan C.K. ve O.K., isimli \u015fah\u0131slar tutuklanarak cezaevine g\u00f6nderildi.<br \/><\/p>\n","protected":false},"excerpt":{"rendered":"<p>Afyonkarahisar\u2019da polisin \u015f\u00fcphe \u00fczerine durdurarak emniyete g\u00f6t\u00fcr\u00fcp arama yapt\u0131\u011f\u0131 otomobilin sigorta kutusunda 140 gram uyu\u015fturucu ile hassas terazi ele ge\u00e7irildi. Olay, kent merkezinde meydana geldi. Edinilen bilgilere g\u00f6re, kent giri\u015finde yol uygulamas\u0131 yapan Afyonkarahisar \u0130l Emniyet M\u00fcd\u00fcrl\u00fc\u011f\u00fc\u2019ne ba\u011fl\u0131 ekipler durumundan \u015f\u00fcphelendikleri bir SUV arac\u0131 durdurdu. Ard\u0131ndan ara\u00e7ta bulunan \u015fah\u0131slar\u0131n \u015f\u00fcpheli hareketlerde bulunduklar\u0131n\u0131 fark eden ekipleri&#8230;<\/p>\n","protected":false},"author":1,"featured_media":19878,"comment_status":"open","ping_status":"open","sticky":false,"template":"","format":"standard","meta":{"_crdt_document":"","footnotes":""},"categories":[5],"tags":[],"class_list":["post-19877","post","type-post","status-publish","format-standard","has-post-thumbnail","hentry","category-asayis"],"_links":{"self":[{"href":"https:\/\/www.egemtv.com\/index.php?rest_route=\/wp\/v2\/posts\/19877","targetHints":{"allow":["GET"]}}],"collection":[{"href":"https:\/\/www.egemtv.com\/index.php?rest_route=\/wp\/v2\/posts"}],"about":[{"href":"https:\/\/www.egemtv.com\/index.php?rest_route=\/wp\/v2\/types\/post"}],"author":[{"embeddable":true,"href":"https:\/\/www.egemtv.com\/index.php?rest_route=\/wp\/v2\/users\/1"}],"replies":[{"embeddable":true,"href":"https:\/\/www.egemtv.com\/index.php?rest_route=%2Fwp%2Fv2%2Fcomments&post=19877"}],"version-history":[{"count":1,"href":"https:\/\/www.egemtv.com\/index.php?rest_route=\/wp\/v2\/posts\/19877\/revisions"}],"predecessor-version":[{"id":19879,"href":"https:\/\/www.egemtv.com\/index.php?rest_route=\/wp\/v2\/posts\/19877\/revisions\/19879"}],"wp:featuredmedia":[{"embeddable":true,"href":"https:\/\/www.egemtv.com\/index.php?rest_route=\/wp\/v2\/media\/19878"}],"wp:attachment":[{"href":"https:\/\/www.egemtv.com\/index.php?rest_route=%2Fwp%2Fv2%2Fmedia&parent=19877"}],"wp:term":[{"taxonomy":"category","embeddable":true,"href":"https:\/\/www.egemtv.com\/index.php?rest_route=%2Fwp%2Fv2%2Fcategories&post=19877"},{"taxonomy":"post_tag","embeddable":true,"href":"https:\/\/www.egemtv.com\/index.php?rest_route=%2Fwp%2Fv2%2Ftags&post=19877"}],"curies":[{"name":"wp","href":"https:\/\/api.w.org\/{rel}","templated":true}]}}