{"id":19871,"date":"2025-02-18T10:26:17","date_gmt":"2025-02-18T07:26:17","guid":{"rendered":"https:\/\/www.egemtv.com\/?p=19871"},"modified":"2025-02-18T10:26:22","modified_gmt":"2025-02-18T07:26:22","slug":"afyonkarahisarda-otobus-kazasi","status":"publish","type":"post","link":"https:\/\/www.egemtv.com\/?p=19871","title":{"rendered":"Afyonkarahisar\u2019da otob\u00fcs kazas\u0131"},"content":{"rendered":"<p>Afyonkarahisar\u2019da kamyonetin otob\u00fcse arkadan \u00e7arpt\u0131\u011f\u0131 trafik kazas\u0131nda biri a\u011f\u0131r 3 ki\u015fi yaraland\u0131.<br \/>\n<br \/>Kaza, Afyonkarahisar- U\u015fak karayolunda bulunan Karahisar T\u00fcneli \u00e7\u0131k\u0131\u015f\u0131nda sabah saatlerinde meydana geldi. Edinilen bilgilere g\u00f6re, seyir halindeki Ta\u015foluk beldesine ait halk otob\u00fcs\u00fcne arkadan kamyonet \u00e7arpt\u0131. \u0130hbar \u00fczerine b\u00f6lgeye sa\u011fl\u0131k ekipleri sevk edildi. Sa\u011fl\u0131k ekipleri yaraland\u0131\u011f\u0131n\u0131 belirledi\u011fi 1\u2019i a\u011f\u0131r 3 ki\u015fiyi hastaneye sevk etti. Kazayla ilgili polis taraf\u0131ndan ba\u015flat\u0131lan inceleme devam ediyor.<br \/><\/p>\n","protected":false},"excerpt":{"rendered":"<p>Afyonkarahisar\u2019da kamyonetin otob\u00fcse arkadan \u00e7arpt\u0131\u011f\u0131 trafik kazas\u0131nda biri a\u011f\u0131r 3 ki\u015fi yaraland\u0131. Kaza, Afyonkarahisar- U\u015fak karayolunda bulunan Karahisar T\u00fcneli \u00e7\u0131k\u0131\u015f\u0131nda sabah saatlerinde meydana geldi. Edinilen bilgilere g\u00f6re, seyir halindeki Ta\u015foluk beldesine ait halk otob\u00fcs\u00fcne arkadan kamyonet \u00e7arpt\u0131. \u0130hbar \u00fczerine b\u00f6lgeye sa\u011fl\u0131k ekipleri sevk edildi. Sa\u011fl\u0131k ekipleri yaraland\u0131\u011f\u0131n\u0131 belirledi\u011fi 1\u2019i a\u011f\u0131r 3 ki\u015fiyi hastaneye sevk etti&#8230;.<\/p>\n","protected":false},"author":1,"featured_media":19872,"comment_status":"open","ping_status":"open","sticky":false,"template":"","format":"standard","meta":{"_crdt_document":"","footnotes":""},"categories":[5],"tags":[],"class_list":["post-19871","post","type-post","status-publish","format-standard","has-post-thumbnail","hentry","category-asayis"],"_links":{"self":[{"href":"https:\/\/www.egemtv.com\/index.php?rest_route=\/wp\/v2\/posts\/19871","targetHints":{"allow":["GET"]}}],"collection":[{"href":"https:\/\/www.egemtv.com\/index.php?rest_route=\/wp\/v2\/posts"}],"about":[{"href":"https:\/\/www.egemtv.com\/index.php?rest_route=\/wp\/v2\/types\/post"}],"author":[{"embeddable":true,"href":"https:\/\/www.egemtv.com\/index.php?rest_route=\/wp\/v2\/users\/1"}],"replies":[{"embeddable":true,"href":"https:\/\/www.egemtv.com\/index.php?rest_route=%2Fwp%2Fv2%2Fcomments&post=19871"}],"version-history":[{"count":1,"href":"https:\/\/www.egemtv.com\/index.php?rest_route=\/wp\/v2\/posts\/19871\/revisions"}],"predecessor-version":[{"id":19873,"href":"https:\/\/www.egemtv.com\/index.php?rest_route=\/wp\/v2\/posts\/19871\/revisions\/19873"}],"wp:featuredmedia":[{"embeddable":true,"href":"https:\/\/www.egemtv.com\/index.php?rest_route=\/wp\/v2\/media\/19872"}],"wp:attachment":[{"href":"https:\/\/www.egemtv.com\/index.php?rest_route=%2Fwp%2Fv2%2Fmedia&parent=19871"}],"wp:term":[{"taxonomy":"category","embeddable":true,"href":"https:\/\/www.egemtv.com\/index.php?rest_route=%2Fwp%2Fv2%2Fcategories&post=19871"},{"taxonomy":"post_tag","embeddable":true,"href":"https:\/\/www.egemtv.com\/index.php?rest_route=%2Fwp%2Fv2%2Ftags&post=19871"}],"curies":[{"name":"wp","href":"https:\/\/api.w.org\/{rel}","templated":true}]}}