{"id":19868,"date":"2025-02-18T10:13:20","date_gmt":"2025-02-18T07:13:20","guid":{"rendered":"https:\/\/www.egemtv.com\/?p=19868"},"modified":"2025-02-18T10:13:25","modified_gmt":"2025-02-18T07:13:25","slug":"selcuklu-cocuklar-kisi-sporla-geciriyor","status":"publish","type":"post","link":"https:\/\/www.egemtv.com\/?p=19868","title":{"rendered":"Sel\u00e7uklu \u00e7ocuklar k\u0131\u015f\u0131 sporla ge\u00e7iriyor"},"content":{"rendered":"<p>Sel\u00e7uk Belediyesi spor okullar\u0131yla kentte ya\u015fayan \u00e7ocuklar\u0131n spor ile i\u00e7 i\u00e7e olmalar\u0131na destek vermeye devam ediyor. Sel\u00e7uk Belediyesi Spor Okullar\u0131\u2019na kat\u0131lan \u00e7ocuklar \u00f6nemli ba\u015far\u0131lara imza at\u0131yor.<br \/>\n<br \/>Spor okullar\u0131nda voleybol ve basketbol kurslar\u0131na kat\u0131lan \u00e7ocuklar k\u0131\u015f aylar\u0131nda bir yandan e\u011fitimlerine devam ederken di\u011fer yandan spor ile fiziksel ve mental geli\u015fimlerine katk\u0131 sunuyor. Gazi Mustafa Kemal Atat\u00fcrk Kapal\u0131 Spor Salonu\u2019nda pazartesi, \u00e7ar\u015famba, cuma g\u00fcnleri voleybol; per\u015fembe ve cumartesi g\u00fcnleri ise basketbol antrenmanlar\u0131 d\u00fczenleniyor. Sel\u00e7uk Belediyesi d\u00fczenlenen voleybol kurslar\u0131na kat\u0131lan 6- 17 ya\u015f aras\u0131 135 sporcu aras\u0131nda 29 lisansl\u0131 sporcu yer al\u0131yor. Basketbol kursuna ise 62 adet \u00e7ocuk kat\u0131l\u0131yor. Sel\u00e7uklu \u00e7ocuklar\u0131n spor ile ilgilenmelerini \u00e7ok \u00f6nemsediklerini belirten Belediye Ba\u015fkan\u0131 Filiz Cerito\u011flu Sengel, &#8220;Yaz d\u00f6nemi haricinde k\u0131\u015f\u0131n da spor kurslar\u0131m\u0131z\u0131 s\u00fcrd\u00fcr\u00fcyoruz. \u00c7ocuklar\u0131m\u0131z\u0131n spor dallar\u0131nda kendilerini g\u00f6stermeleri, geli\u015fimlerine spor ile devam etmeleri bizim i\u00e7in \u00e7ok \u00f6nemli. Ne mutlu bize ki, velilerimiz ve \u00e7ocuklar\u0131m\u0131z da bizim gibi d\u00fc\u015f\u00fcn\u00fcyor. Okul d\u00f6nemi i\u00e7erisinde yer almalar\u0131na ra\u011fmen kurslar\u0131m\u0131za yo\u011fun bir ilgi var. \u00c7ocuklar\u0131m\u0131z\u0131n kurslara ula\u015f\u0131mlar\u0131n\u0131 sa\u011flaman\u0131n yan\u0131 s\u0131ra top, forma gibi gerekli ara\u00e7 gere\u00e7lerinin teminini belediye olarak \u00fccretsiz sa\u011fl\u0131yoruz&#8221; dedi.<br \/><\/p>\n","protected":false},"excerpt":{"rendered":"<p>Sel\u00e7uk Belediyesi spor okullar\u0131yla kentte ya\u015fayan \u00e7ocuklar\u0131n spor ile i\u00e7 i\u00e7e olmalar\u0131na destek vermeye devam ediyor. Sel\u00e7uk Belediyesi Spor Okullar\u0131\u2019na kat\u0131lan \u00e7ocuklar \u00f6nemli ba\u015far\u0131lara imza at\u0131yor. Spor okullar\u0131nda voleybol ve basketbol kurslar\u0131na kat\u0131lan \u00e7ocuklar k\u0131\u015f aylar\u0131nda bir yandan e\u011fitimlerine devam ederken di\u011fer yandan spor ile fiziksel ve mental geli\u015fimlerine katk\u0131 sunuyor. Gazi Mustafa Kemal Atat\u00fcrk&#8230;<\/p>\n","protected":false},"author":1,"featured_media":19869,"comment_status":"open","ping_status":"open","sticky":false,"template":"","format":"standard","meta":{"_crdt_document":"","footnotes":""},"categories":[4],"tags":[],"class_list":["post-19868","post","type-post","status-publish","format-standard","has-post-thumbnail","hentry","category-spor"],"_links":{"self":[{"href":"https:\/\/www.egemtv.com\/index.php?rest_route=\/wp\/v2\/posts\/19868","targetHints":{"allow":["GET"]}}],"collection":[{"href":"https:\/\/www.egemtv.com\/index.php?rest_route=\/wp\/v2\/posts"}],"about":[{"href":"https:\/\/www.egemtv.com\/index.php?rest_route=\/wp\/v2\/types\/post"}],"author":[{"embeddable":true,"href":"https:\/\/www.egemtv.com\/index.php?rest_route=\/wp\/v2\/users\/1"}],"replies":[{"embeddable":true,"href":"https:\/\/www.egemtv.com\/index.php?rest_route=%2Fwp%2Fv2%2Fcomments&post=19868"}],"version-history":[{"count":1,"href":"https:\/\/www.egemtv.com\/index.php?rest_route=\/wp\/v2\/posts\/19868\/revisions"}],"predecessor-version":[{"id":19870,"href":"https:\/\/www.egemtv.com\/index.php?rest_route=\/wp\/v2\/posts\/19868\/revisions\/19870"}],"wp:featuredmedia":[{"embeddable":true,"href":"https:\/\/www.egemtv.com\/index.php?rest_route=\/wp\/v2\/media\/19869"}],"wp:attachment":[{"href":"https:\/\/www.egemtv.com\/index.php?rest_route=%2Fwp%2Fv2%2Fmedia&parent=19868"}],"wp:term":[{"taxonomy":"category","embeddable":true,"href":"https:\/\/www.egemtv.com\/index.php?rest_route=%2Fwp%2Fv2%2Fcategories&post=19868"},{"taxonomy":"post_tag","embeddable":true,"href":"https:\/\/www.egemtv.com\/index.php?rest_route=%2Fwp%2Fv2%2Ftags&post=19868"}],"curies":[{"name":"wp","href":"https:\/\/api.w.org\/{rel}","templated":true}]}}