{"id":19865,"date":"2025-02-18T10:13:14","date_gmt":"2025-02-18T07:13:14","guid":{"rendered":"https:\/\/www.egemtv.com\/?p=19865"},"modified":"2025-02-18T10:13:20","modified_gmt":"2025-02-18T07:13:20","slug":"ihbara-giderken-kaza-yapan-polis-memuru-vatandaslarin-mudahalesiyle-kurtarildi","status":"publish","type":"post","link":"https:\/\/www.egemtv.com\/?p=19865","title":{"rendered":"\u0130hbara giderken kaza yapan polis memuru, vatanda\u015flar\u0131n m\u00fcdahalesiyle kurtar\u0131ld\u0131"},"content":{"rendered":"<p>Isparta\u2019n\u0131n E\u011firdir il\u00e7esinde, polis memurunun kulland\u0131\u011f\u0131 ekip arac\u0131, \u00e7ar\u015f\u0131 merkezinden gelen bir ihbara giderken \u0131slak zemin nedeniyle kontrolden \u00e7\u0131karak kald\u0131r\u0131ma \u00e7arpt\u0131. Kazada ara\u00e7 i\u00e7erisinde s\u0131k\u0131\u015fan polis memuru, \u00e7evredeki vatanda\u015flar taraf\u0131ndan kurtar\u0131ld\u0131 ve hastaneye kald\u0131r\u0131ld\u0131.<br \/>\n<br \/>Kaza, gece saatlerinde E\u011firdir il\u00e7esi \u0130l\u00e7e Tar\u0131m ve Orman M\u00fcd\u00fcrl\u00fc\u011f\u00fc \u00f6n\u00fcnde meydana geldi. Edinilen bilgilere g\u00f6re, Abdulbaki A. idaresindeki 32 A 8252 plakal\u0131 ekip arac\u0131, \u00e7ar\u015f\u0131 merkezinden gelen bir ihbara gitmek \u00fczere seyir halindeyken zeminin \u0131slak olmas\u0131 nedeniyle kontrolden \u00e7\u0131karak kald\u0131r\u0131ma \u00e7arpt\u0131. Kazada ara\u00e7ta s\u0131k\u0131\u015fan polis memuru Abdulbaki A., \u00e7evredeki vatanda\u015flar\u0131n m\u00fcdahalesiyle bulundu\u011fu yerden \u00e7\u0131kar\u0131ld\u0131. Durumun 112 Acil \u00c7a\u011fr\u0131 Merkezi\u2019ne bildirilmesi \u00fczerine olay yerine sa\u011fl\u0131k ekipleri sevk edildi. Sa\u011fl\u0131k ekiplerinin ilk m\u00fcdahalesinin ard\u0131ndan yaral\u0131 polis memuru hastaneye kald\u0131r\u0131ld\u0131. Kazayla ilgili inceleme ba\u015flat\u0131ld\u0131.<br \/><\/p>\n","protected":false},"excerpt":{"rendered":"<p>Isparta\u2019n\u0131n E\u011firdir il\u00e7esinde, polis memurunun kulland\u0131\u011f\u0131 ekip arac\u0131, \u00e7ar\u015f\u0131 merkezinden gelen bir ihbara giderken \u0131slak zemin nedeniyle kontrolden \u00e7\u0131karak kald\u0131r\u0131ma \u00e7arpt\u0131. Kazada ara\u00e7 i\u00e7erisinde s\u0131k\u0131\u015fan polis memuru, \u00e7evredeki vatanda\u015flar taraf\u0131ndan kurtar\u0131ld\u0131 ve hastaneye kald\u0131r\u0131ld\u0131. Kaza, gece saatlerinde E\u011firdir il\u00e7esi \u0130l\u00e7e Tar\u0131m ve Orman M\u00fcd\u00fcrl\u00fc\u011f\u00fc \u00f6n\u00fcnde meydana geldi. Edinilen bilgilere g\u00f6re, Abdulbaki A. idaresindeki 32 A&#8230;<\/p>\n","protected":false},"author":1,"featured_media":19866,"comment_status":"open","ping_status":"open","sticky":false,"template":"","format":"standard","meta":{"_crdt_document":"","footnotes":""},"categories":[5],"tags":[],"class_list":["post-19865","post","type-post","status-publish","format-standard","has-post-thumbnail","hentry","category-asayis"],"_links":{"self":[{"href":"https:\/\/www.egemtv.com\/index.php?rest_route=\/wp\/v2\/posts\/19865","targetHints":{"allow":["GET"]}}],"collection":[{"href":"https:\/\/www.egemtv.com\/index.php?rest_route=\/wp\/v2\/posts"}],"about":[{"href":"https:\/\/www.egemtv.com\/index.php?rest_route=\/wp\/v2\/types\/post"}],"author":[{"embeddable":true,"href":"https:\/\/www.egemtv.com\/index.php?rest_route=\/wp\/v2\/users\/1"}],"replies":[{"embeddable":true,"href":"https:\/\/www.egemtv.com\/index.php?rest_route=%2Fwp%2Fv2%2Fcomments&post=19865"}],"version-history":[{"count":1,"href":"https:\/\/www.egemtv.com\/index.php?rest_route=\/wp\/v2\/posts\/19865\/revisions"}],"predecessor-version":[{"id":19867,"href":"https:\/\/www.egemtv.com\/index.php?rest_route=\/wp\/v2\/posts\/19865\/revisions\/19867"}],"wp:featuredmedia":[{"embeddable":true,"href":"https:\/\/www.egemtv.com\/index.php?rest_route=\/wp\/v2\/media\/19866"}],"wp:attachment":[{"href":"https:\/\/www.egemtv.com\/index.php?rest_route=%2Fwp%2Fv2%2Fmedia&parent=19865"}],"wp:term":[{"taxonomy":"category","embeddable":true,"href":"https:\/\/www.egemtv.com\/index.php?rest_route=%2Fwp%2Fv2%2Fcategories&post=19865"},{"taxonomy":"post_tag","embeddable":true,"href":"https:\/\/www.egemtv.com\/index.php?rest_route=%2Fwp%2Fv2%2Ftags&post=19865"}],"curies":[{"name":"wp","href":"https:\/\/api.w.org\/{rel}","templated":true}]}}