{"id":19862,"date":"2025-02-18T10:13:06","date_gmt":"2025-02-18T07:13:06","guid":{"rendered":"https:\/\/www.egemtv.com\/?p=19862"},"modified":"2025-02-18T10:13:14","modified_gmt":"2025-02-18T07:13:14","slug":"afyonkarahisarda-aranan-sahis-yakalandi","status":"publish","type":"post","link":"https:\/\/www.egemtv.com\/?p=19862","title":{"rendered":"Afyonkarahisar\u2019da aranan \u015fah\u0131s yakaland\u0131"},"content":{"rendered":"<p>Afyonkarahisar \u0130l Jandarma Komutanl\u0131\u011f\u0131 ekipleri, hakk\u0131nda vergi usul kanununa muhalefet su\u00e7undan 4 y\u0131l hapis cezas\u0131 bulunan ka\u00e7ak \u015fahs\u0131 yakalayarak cezaevine g\u00f6nderdi.<br \/>\n<br \/>Afyonkarahisar \u0130l Jandarma Komutanl\u0131\u011f\u0131, aranan \u015fah\u0131slar\u0131n tespiti ve yakalanmas\u0131na y\u00f6nelik \u00e7al\u0131\u015fmalar\u0131n\u0131 s\u00fcrd\u00fcr\u00fcyor. Bu \u00e7er\u00e7evede icra edilen \u00f6nleyici kolluk devriyesinde; hakk\u0131nda vergi usul kanununa muhalefet su\u00e7undan 4 y\u0131l hapis cezas\u0131 bulunan A.Y. isimli \u015fah\u0131s S\u00fcl\u00fcmenli\u2019de yakaland\u0131. Yakalanan \u015fah\u0131s, \u00e7\u0131kar\u0131ld\u0131\u011f\u0131 mahkemece tutuklanarak Afyonkarahisar T Tipi Kapal\u0131 Ceza \u0130nfaz Kurumuna teslim edildi.<br \/><\/p>\n","protected":false},"excerpt":{"rendered":"<p>Afyonkarahisar \u0130l Jandarma Komutanl\u0131\u011f\u0131 ekipleri, hakk\u0131nda vergi usul kanununa muhalefet su\u00e7undan 4 y\u0131l hapis cezas\u0131 bulunan ka\u00e7ak \u015fahs\u0131 yakalayarak cezaevine g\u00f6nderdi. Afyonkarahisar \u0130l Jandarma Komutanl\u0131\u011f\u0131, aranan \u015fah\u0131slar\u0131n tespiti ve yakalanmas\u0131na y\u00f6nelik \u00e7al\u0131\u015fmalar\u0131n\u0131 s\u00fcrd\u00fcr\u00fcyor. Bu \u00e7er\u00e7evede icra edilen \u00f6nleyici kolluk devriyesinde; hakk\u0131nda vergi usul kanununa muhalefet su\u00e7undan 4 y\u0131l hapis cezas\u0131 bulunan A.Y. isimli \u015fah\u0131s S\u00fcl\u00fcmenli\u2019de&#8230;<\/p>\n","protected":false},"author":1,"featured_media":19863,"comment_status":"open","ping_status":"open","sticky":false,"template":"","format":"standard","meta":{"_crdt_document":"","footnotes":""},"categories":[5],"tags":[],"class_list":["post-19862","post","type-post","status-publish","format-standard","has-post-thumbnail","hentry","category-asayis"],"_links":{"self":[{"href":"https:\/\/www.egemtv.com\/index.php?rest_route=\/wp\/v2\/posts\/19862","targetHints":{"allow":["GET"]}}],"collection":[{"href":"https:\/\/www.egemtv.com\/index.php?rest_route=\/wp\/v2\/posts"}],"about":[{"href":"https:\/\/www.egemtv.com\/index.php?rest_route=\/wp\/v2\/types\/post"}],"author":[{"embeddable":true,"href":"https:\/\/www.egemtv.com\/index.php?rest_route=\/wp\/v2\/users\/1"}],"replies":[{"embeddable":true,"href":"https:\/\/www.egemtv.com\/index.php?rest_route=%2Fwp%2Fv2%2Fcomments&post=19862"}],"version-history":[{"count":1,"href":"https:\/\/www.egemtv.com\/index.php?rest_route=\/wp\/v2\/posts\/19862\/revisions"}],"predecessor-version":[{"id":19864,"href":"https:\/\/www.egemtv.com\/index.php?rest_route=\/wp\/v2\/posts\/19862\/revisions\/19864"}],"wp:featuredmedia":[{"embeddable":true,"href":"https:\/\/www.egemtv.com\/index.php?rest_route=\/wp\/v2\/media\/19863"}],"wp:attachment":[{"href":"https:\/\/www.egemtv.com\/index.php?rest_route=%2Fwp%2Fv2%2Fmedia&parent=19862"}],"wp:term":[{"taxonomy":"category","embeddable":true,"href":"https:\/\/www.egemtv.com\/index.php?rest_route=%2Fwp%2Fv2%2Fcategories&post=19862"},{"taxonomy":"post_tag","embeddable":true,"href":"https:\/\/www.egemtv.com\/index.php?rest_route=%2Fwp%2Fv2%2Ftags&post=19862"}],"curies":[{"name":"wp","href":"https:\/\/api.w.org\/{rel}","templated":true}]}}