{"id":19856,"date":"2025-02-18T10:03:16","date_gmt":"2025-02-18T07:03:16","guid":{"rendered":"https:\/\/www.egemtv.com\/?p=19856"},"modified":"2025-02-18T10:03:21","modified_gmt":"2025-02-18T07:03:21","slug":"izmirde-ortaokul-ogrencilerinden-geri-donusum-kutuphanesi","status":"publish","type":"post","link":"https:\/\/www.egemtv.com\/?p=19856","title":{"rendered":"\u0130zmir\u2019de ortaokul \u00f6\u011frencilerinden geri d\u00f6n\u00fc\u015f\u00fcm k\u00fct\u00fcphanesi"},"content":{"rendered":"<p>\u0130zmir\u2019de ortaokul \u00f6\u011frencileri, eski ve geri d\u00f6n\u00fc\u015ft\u00fcr\u00fclebilir malzemeleri kullanarak \u00f6\u011fretmenleri ile birlikte \u00f6yk\u00fc k\u00f6\u015fesi olu\u015fturdu. Minikler, bu k\u00f6\u015fede kendi yazd\u0131klar\u0131 eserleri ortaya \u00e7\u0131kar\u0131rken, kitap okuma al\u0131\u015fkanl\u0131\u011f\u0131n\u0131n art\u0131r\u0131lmas\u0131na ve geri d\u00f6n\u00fc\u015f\u00fcm bilincinin yayg\u0131nla\u015ft\u0131r\u0131lmas\u0131na da katk\u0131 sa\u011flan\u0131yor.<br \/>\n<br \/>\u0130zmir\u2019in Urla il\u00e7esinde Avni Kaya Kokucu Ortaokulu \u00f6\u011frenci ve \u00f6\u011fretmenleri, kullan\u0131lmayan eski ve geri d\u00f6n\u00fc\u015ft\u00fcr\u00fclebilir malzemelerden okuma k\u00f6\u015fesi olu\u015fturdu. \u2018K\u00fc\u00e7\u00fck Eller G\u00fc\u00e7l\u00fc Kalemler\u2019 projesi kapsam\u0131nda; at\u0131l durumdaki meyve kasalar\u0131, araba lasti\u011fi, karton gibi e\u015fyalar\u0131n d\u00f6n\u00fc\u015ft\u00fcr\u00fclerek; raf, koltuk ve masa yap\u0131ld\u0131\u011f\u0131 \u00f6yk\u00fc k\u00f6\u015fesi, \u00f6\u011frencilerin kitaplara ilgisini de art\u0131r\u0131yor. Minikler, olu\u015fturulan bu k\u00f6\u015fede; \u00f6yk\u00fc, \u015fiir, masal gibi t\u00fcrlerde eserler ortaya \u00e7\u0131kar\u0131yor.<br \/>\n<br \/>Projeye dair bilgiler aktaran T\u00fcrk\u00e7e \u00d6\u011fretmeni Burcu \u0130\u00e7ki, &#8220;\u0130zmir \u0130l Milli E\u011fitim M\u00fcd\u00fcrl\u00fc\u011f\u00fc b\u00fcnyesinde geri d\u00f6n\u00fc\u015f\u00fcm malzemelerini kullan\u0131l\u0131r duruma getirerek \u00f6\u011frencilerimizle birlikte \u00f6yk\u00fc k\u00f6\u015fesi olu\u015fturduk. Bu alan\u0131 olu\u015ftururken okul idaresi, \u00f6\u011fretmenlerimiz ve velilerimiz de destek verip bize yard\u0131mc\u0131 oldu. Projemizin amac\u0131, olu\u015fturdu\u011fumuz bu \u00f6yk\u00fc k\u00f6\u015fesinde \u00f6\u011frencilerimizin okuma al\u0131\u015fkanl\u0131klar\u0131n\u0131 peki\u015ftirmek, hayal g\u00fc\u00e7lerini kullanarak ve T\u00fcrk\u00e7emizin zengin s\u00f6z varl\u0131\u011f\u0131ndan yararlanarak kendi yazd\u0131klar\u0131 \u00f6yk\u00fc, \u015fiir, masal gibi t\u00fcrlerde eserler ortaya \u00e7\u0131karmalar\u0131n\u0131 sa\u011flamakt\u0131r&#8221; dedi.<\/p>\n<p>Hem \u00f6\u011freniyor hem e\u011fleniyorlar<br \/>\n<br \/>\u00d6yk\u00fc k\u00f6\u015fesini olu\u015ftururken kulland\u0131klar\u0131 malzemelerden bahseden \u0130\u00e7ki, &#8220;Meyve kasalar\u0131, araba lasti\u011fi, karton gibi at\u0131k malzemeleri toplad\u0131k. \u00d6\u011frencilerimiz temizleyip, boyad\u0131klar\u0131 meyve kasalar\u0131ndan kitap raflar\u0131 yapt\u0131lar. Kitap raflar\u0131n\u0131 duvara monte ettirdikten sonra kitaplar\u0131m\u0131z\u0131 yerle\u015ftirdik. \u00d6\u011frencilerimiz temizleyip boyad\u0131klar\u0131 araba lastiklerinden de koltuk ve masa yapt\u0131lar. Bu koltuklar\u0131n \u00fczerine evlerinden getirdikleri eski minderleri yerle\u015ftirdik. Marangoz olan bir velimiz de \u00f6yk\u00fc k\u00f6\u015femize asmak i\u00e7in tabelalar\u0131m\u0131z\u0131 haz\u0131rlad\u0131. Ayr\u0131ca \u00f6\u011frencilerimizin toplad\u0131klar\u0131 deniz kabuklar\u0131n\u0131 k\u00f6\u015femizin duvarlar\u0131nda ve masa \u00fcst\u00fcnde s\u00fcs olarak kulland\u0131k. \u00d6\u011frencilerimiz hem e\u011flenip hem de i\u015f birli\u011fi i\u00e7inde \u00e7al\u0131\u015fman\u0131n ve emek vererek \u00fcretmenin \u00f6nemini bir kez daha kavrad\u0131lar&#8221; ifadelerine yer verdi.<\/p>\n<p>&#8220;\u00d6\u011frencilerimizde kitap okuma al\u0131\u015fkanl\u0131\u011f\u0131 artt\u0131&#8221;<br \/>\n<br \/>Okuldaki \u00f6\u011frencilerin genel olarak d\u00fczenli kitap okuma al\u0131\u015fkanl\u0131\u011f\u0131na sahip oldu\u011funu ifade eden \u00d6\u011fretmen Burcu \u0130\u00e7ki, &#8220;Bu proje ile birlikte \u00f6\u011frencilerimiz kendi yapt\u0131klar\u0131 k\u00f6\u015fede kitaplar\u0131n\u0131 daha b\u00fcy\u00fck bir mutlulukla okumaya ba\u015flad\u0131lar. Ayr\u0131ca daha az okuma al\u0131\u015fkanl\u0131\u011f\u0131 olan \u00f6\u011frencilerimizde de kitap okuma al\u0131\u015fkanl\u0131\u011f\u0131n\u0131n artt\u0131\u011f\u0131 g\u00f6r\u00fcld\u00fc&#8221; ifadelerine yer verdi.<br \/>\n<br \/>Burcu \u0130\u00e7ki, bundan sonraki hedeflerinin ise \u00f6\u011frencilerin kitap okuma al\u0131\u015fkanl\u0131\u011f\u0131n\u0131 daha \u00e7ok peki\u015ftirmek, ayr\u0131ca yazma becerilerinin de geli\u015fmesi i\u00e7in bu k\u00f6\u015fede onlara imkan sunmak oldu\u011funu aktard\u0131.<\/p>\n<p>&#8220;\u00c7ok heyecanland\u0131k&#8221;<br \/>\n<br \/>6\u2019nc\u0131 s\u0131n\u0131f \u00f6\u011frencisi Derin Erdin\u00e7, &#8220;Arkada\u015flar\u0131mla birlikte \u00e7al\u0131\u015fmak ve emek vererek bir \u015feyler \u00fcretmek benim i\u00e7in gurur vericiydi&#8221; diye konu\u015furken, Kuzey \u00d6z ise, &#8220;Projeyi ilk duydu\u011fumuzda \u00e7ok heyecanland\u0131k. B\u00f6yle bir k\u00f6\u015feye sahip oldu\u011fumuz i\u00e7in \u00e7ok \u015fansl\u0131y\u0131z&#8221; a\u00e7\u0131klamalar\u0131nda bulundu.<br \/>\n<br \/>7\u2019nci s\u0131n\u0131f \u00f6\u011frencisi Nisa Karabulut, projeyi \u00f6\u011frenince ilk olarak arkada\u015flar\u0131 ve \u00f6\u011fretmenleriyle birlikte neler yapacaklar\u0131n\u0131 konu\u015ftuklar\u0131n\u0131 ve geri d\u00f6n\u00fc\u015f\u00fcm malzemelerini d\u00f6n\u00fc\u015ft\u00fcrerek \u00f6yk\u00fc k\u00f6\u015fesini olu\u015fturman\u0131n kendileri i\u00e7in g\u00fczel bir deneyim oldu\u011funu belirtti. Tekin Ayg\u00f6r de, &#8220;Kendi yapt\u0131\u011f\u0131m\u0131z \u00f6yk\u00fc k\u00f6\u015femizi \u00e7ok sevdim. Umar\u0131m bundan sonra b\u00f6yle g\u00fczel projeler yapmaya devam ederiz&#8221; \u015feklinde konu\u015ftu.<br \/><\/p>\n","protected":false},"excerpt":{"rendered":"<p>\u0130zmir\u2019de ortaokul \u00f6\u011frencileri, eski ve geri d\u00f6n\u00fc\u015ft\u00fcr\u00fclebilir malzemeleri kullanarak \u00f6\u011fretmenleri ile birlikte \u00f6yk\u00fc k\u00f6\u015fesi olu\u015fturdu. Minikler, bu k\u00f6\u015fede kendi yazd\u0131klar\u0131 eserleri ortaya \u00e7\u0131kar\u0131rken, kitap okuma al\u0131\u015fkanl\u0131\u011f\u0131n\u0131n art\u0131r\u0131lmas\u0131na ve geri d\u00f6n\u00fc\u015f\u00fcm bilincinin yayg\u0131nla\u015ft\u0131r\u0131lmas\u0131na da katk\u0131 sa\u011flan\u0131yor. \u0130zmir\u2019in Urla il\u00e7esinde Avni Kaya Kokucu Ortaokulu \u00f6\u011frenci ve \u00f6\u011fretmenleri, kullan\u0131lmayan eski ve geri d\u00f6n\u00fc\u015ft\u00fcr\u00fclebilir malzemelerden okuma k\u00f6\u015fesi olu\u015fturdu. \u2018K\u00fc\u00e7\u00fck&#8230;<\/p>\n","protected":false},"author":1,"featured_media":19857,"comment_status":"open","ping_status":"open","sticky":false,"template":"","format":"standard","meta":{"_crdt_document":"","footnotes":""},"categories":[1],"tags":[],"class_list":["post-19856","post","type-post","status-publish","format-standard","has-post-thumbnail","hentry","category-guncel"],"_links":{"self":[{"href":"https:\/\/www.egemtv.com\/index.php?rest_route=\/wp\/v2\/posts\/19856","targetHints":{"allow":["GET"]}}],"collection":[{"href":"https:\/\/www.egemtv.com\/index.php?rest_route=\/wp\/v2\/posts"}],"about":[{"href":"https:\/\/www.egemtv.com\/index.php?rest_route=\/wp\/v2\/types\/post"}],"author":[{"embeddable":true,"href":"https:\/\/www.egemtv.com\/index.php?rest_route=\/wp\/v2\/users\/1"}],"replies":[{"embeddable":true,"href":"https:\/\/www.egemtv.com\/index.php?rest_route=%2Fwp%2Fv2%2Fcomments&post=19856"}],"version-history":[{"count":1,"href":"https:\/\/www.egemtv.com\/index.php?rest_route=\/wp\/v2\/posts\/19856\/revisions"}],"predecessor-version":[{"id":19858,"href":"https:\/\/www.egemtv.com\/index.php?rest_route=\/wp\/v2\/posts\/19856\/revisions\/19858"}],"wp:featuredmedia":[{"embeddable":true,"href":"https:\/\/www.egemtv.com\/index.php?rest_route=\/wp\/v2\/media\/19857"}],"wp:attachment":[{"href":"https:\/\/www.egemtv.com\/index.php?rest_route=%2Fwp%2Fv2%2Fmedia&parent=19856"}],"wp:term":[{"taxonomy":"category","embeddable":true,"href":"https:\/\/www.egemtv.com\/index.php?rest_route=%2Fwp%2Fv2%2Fcategories&post=19856"},{"taxonomy":"post_tag","embeddable":true,"href":"https:\/\/www.egemtv.com\/index.php?rest_route=%2Fwp%2Fv2%2Ftags&post=19856"}],"curies":[{"name":"wp","href":"https:\/\/api.w.org\/{rel}","templated":true}]}}