{"id":19853,"date":"2025-02-18T10:03:10","date_gmt":"2025-02-18T07:03:10","guid":{"rendered":"https:\/\/www.egemtv.com\/?p=19853"},"modified":"2025-02-18T10:03:15","modified_gmt":"2025-02-18T07:03:15","slug":"denizli-icin-soguk-ve-yagisli-hava-uyarisi","status":"publish","type":"post","link":"https:\/\/www.egemtv.com\/?p=19853","title":{"rendered":"Denizli i\u00e7in so\u011fuk ve ya\u011f\u0131\u015fl\u0131 hava uyar\u0131s\u0131"},"content":{"rendered":"<p>Meteoroloji Genel M\u00fcd\u00fcrl\u00fc\u011f\u00fc, Denizli\u2019nin Karadeniz\u2019den gelen so\u011fuk havan\u0131n etkisine girmesi beklendi\u011fini ifade ederek s\u0131cakl\u0131klarda 8 ile 12 derece aras\u0131nda d\u00fc\u015f\u00fc\u015f ya\u015fanaca\u011f\u0131n\u0131 belirtti.<\/p>\n<p>Meteoroloji Genel M\u00fcd\u00fcrl\u00fc\u011f\u00fc Meteoroloji 5. B\u00f6lge M\u00fcd\u00fcrl\u00fc\u011f\u00fc Denizli i\u00e7in uyar\u0131da bulundu. Meteoroloji 5. B\u00f6lge M\u00fcd\u00fcrl\u00fc\u011f\u00fcn\u00fc taraf\u0131ndan yap\u0131lan a\u00e7\u0131klamada, meteorolojik de\u011ferlendirmelere g\u00f6re b\u00f6lgenin Sal\u0131 g\u00fcn\u00fc itibariyle Karadeniz \u00fczerinde gelecek olan so\u011fuk ve ya\u011f\u0131\u015fl\u0131 havan\u0131n etkisi alt\u0131na girmesi beklendi\u011fi kaydedildi. Hava s\u0131cakl\u0131klar\u0131n\u0131n 8 ile 12 derece aras\u0131nda d\u00fc\u015ferek mevsim normallerinin alt\u0131na d\u00fc\u015fece\u011fi \u00f6ng\u00f6r\u00fcl\u00fcrken, b\u00f6lge genelinde hafta boyunca ya\u011f\u0131\u015flar\u0131n zaman zaman karla kar\u0131\u015f\u0131k ya\u011fmur ve aral\u0131kl\u0131 kar ya\u011f\u0131\u015f\u0131 \u015feklinde olaca\u011f\u0131 tahmin ediliyor. Meteoroloji verilerine g\u00f6re ise \u00c7ar\u015famba g\u00fcn\u00fc itibariyle bir haftal\u0131k periyotta en d\u00fc\u015f\u00fck s\u0131cakl\u0131\u011f\u0131n eski 3 olmas\u0131 bekleniyor.<br \/><\/p>\n","protected":false},"excerpt":{"rendered":"<p>Meteoroloji Genel M\u00fcd\u00fcrl\u00fc\u011f\u00fc, Denizli\u2019nin Karadeniz\u2019den gelen so\u011fuk havan\u0131n etkisine girmesi beklendi\u011fini ifade ederek s\u0131cakl\u0131klarda 8 ile 12 derece aras\u0131nda d\u00fc\u015f\u00fc\u015f ya\u015fanaca\u011f\u0131n\u0131 belirtti. Meteoroloji Genel M\u00fcd\u00fcrl\u00fc\u011f\u00fc Meteoroloji 5. B\u00f6lge M\u00fcd\u00fcrl\u00fc\u011f\u00fc Denizli i\u00e7in uyar\u0131da bulundu. Meteoroloji 5. B\u00f6lge M\u00fcd\u00fcrl\u00fc\u011f\u00fcn\u00fc taraf\u0131ndan yap\u0131lan a\u00e7\u0131klamada, meteorolojik de\u011ferlendirmelere g\u00f6re b\u00f6lgenin Sal\u0131 g\u00fcn\u00fc itibariyle Karadeniz \u00fczerinde gelecek olan so\u011fuk ve ya\u011f\u0131\u015fl\u0131 havan\u0131n&#8230;<\/p>\n","protected":false},"author":1,"featured_media":19854,"comment_status":"open","ping_status":"open","sticky":false,"template":"","format":"standard","meta":{"_crdt_document":"","footnotes":""},"categories":[1],"tags":[],"class_list":["post-19853","post","type-post","status-publish","format-standard","has-post-thumbnail","hentry","category-guncel"],"_links":{"self":[{"href":"https:\/\/www.egemtv.com\/index.php?rest_route=\/wp\/v2\/posts\/19853","targetHints":{"allow":["GET"]}}],"collection":[{"href":"https:\/\/www.egemtv.com\/index.php?rest_route=\/wp\/v2\/posts"}],"about":[{"href":"https:\/\/www.egemtv.com\/index.php?rest_route=\/wp\/v2\/types\/post"}],"author":[{"embeddable":true,"href":"https:\/\/www.egemtv.com\/index.php?rest_route=\/wp\/v2\/users\/1"}],"replies":[{"embeddable":true,"href":"https:\/\/www.egemtv.com\/index.php?rest_route=%2Fwp%2Fv2%2Fcomments&post=19853"}],"version-history":[{"count":1,"href":"https:\/\/www.egemtv.com\/index.php?rest_route=\/wp\/v2\/posts\/19853\/revisions"}],"predecessor-version":[{"id":19855,"href":"https:\/\/www.egemtv.com\/index.php?rest_route=\/wp\/v2\/posts\/19853\/revisions\/19855"}],"wp:featuredmedia":[{"embeddable":true,"href":"https:\/\/www.egemtv.com\/index.php?rest_route=\/wp\/v2\/media\/19854"}],"wp:attachment":[{"href":"https:\/\/www.egemtv.com\/index.php?rest_route=%2Fwp%2Fv2%2Fmedia&parent=19853"}],"wp:term":[{"taxonomy":"category","embeddable":true,"href":"https:\/\/www.egemtv.com\/index.php?rest_route=%2Fwp%2Fv2%2Fcategories&post=19853"},{"taxonomy":"post_tag","embeddable":true,"href":"https:\/\/www.egemtv.com\/index.php?rest_route=%2Fwp%2Fv2%2Ftags&post=19853"}],"curies":[{"name":"wp","href":"https:\/\/api.w.org\/{rel}","templated":true}]}}