{"id":19850,"date":"2025-02-18T10:02:09","date_gmt":"2025-02-18T07:02:09","guid":{"rendered":"https:\/\/www.egemtv.com\/?p=19850"},"modified":"2025-02-18T10:02:12","modified_gmt":"2025-02-18T07:02:12","slug":"aydinda-budama-kursu-devam-ediyor","status":"publish","type":"post","link":"https:\/\/www.egemtv.com\/?p=19850","title":{"rendered":"Ayd\u0131n\u2019da budama kursu devam ediyor"},"content":{"rendered":"<p>Ayd\u0131n\u2019\u0131n Efeler il\u00e7esinde d\u00fczenlenen Meyve A\u011fa\u00e7lar\u0131nda Budama Kursu\u2019na kat\u0131lan \u00fcreticiler bir araya geldi.<\/p>\n<p>Efeler \u0130l\u00e7e Tar\u0131m ve Orman M\u00fcd\u00fcr\u00fc Mehmet Esen, tar\u0131m\u0131n temel konular\u0131ndan biri olan meyve a\u011fa\u00e7lar\u0131nda budama konulu e\u011fitim kursuna kat\u0131larak, \u00fcreticilerle bir araya geldi. Efeler \u0130l\u00e7e Tar\u0131m ve Orman M\u00fcd\u00fcrl\u00fc\u011f\u00fc, Halk E\u011fitim Merkezi M\u00fcd\u00fcrl\u00fc\u011f\u00fc ve Efeler Ziraat Odas\u0131 Ba\u015fkanl\u0131\u011f\u0131 i\u015fbirli\u011fiyle d\u00fczenlenen kurs, tar\u0131m alan\u0131nda bilgi ve deneyim payla\u015f\u0131m\u0131na katk\u0131 sa\u011flad\u0131. M\u00fcd\u00fcr Esen, kurs kapsam\u0131nda meyve a\u011fa\u00e7lar\u0131nda do\u011fru budama teknikleri, verimlili\u011fi art\u0131rma y\u00f6ntemleri ve hastal\u0131klara kar\u015f\u0131 \u00f6nlemler hakk\u0131nda bilgi ald\u0131. Ayr\u0131ca, kursa kat\u0131lan \u00fcreticilerle birebir sohbet imkan\u0131 bulan Alt\u0131nta\u015f, tar\u0131msal sorunlar\u0131n\u0131 dinleyerek \u00e7\u00f6z\u00fcm \u00f6nerileri sunarak sekt\u00f6rdeki payda\u015flarla etkile\u015fimde bulundu.<\/p>\n<p>Bu t\u00fcr etkinliklerin devam edece\u011fini belirten M\u00fcd\u00fcr Esen, tar\u0131m\u0131n geli\u015fimi ve s\u00fcrd\u00fcr\u00fclebilirli\u011fi i\u00e7in yap\u0131lan bu t\u00fcr e\u011fitimlere kat\u0131l\u0131m\u0131n art\u0131r\u0131lmas\u0131 hedeflendi\u011fini kaydetti.<\/p>\n<p>Konu ile ilgili Efeler \u0130l\u00e7e Tar\u0131m ve Orman M\u00fcd\u00fcrl\u00fc\u011f\u00fc\u2019nden yap\u0131lan a\u00e7\u0131klamada &#8220;\u0130l\u00e7e M\u00fcd\u00fcrl\u00fc\u011f\u00fcm\u00fcz, Halk E\u011fitim Merkezi M\u00fcd\u00fcrl\u00fc\u011f\u00fc ve Ziraat Odas\u0131 Ba\u015fkanl\u0131\u011f\u0131 ile ortakla\u015fa a\u00e7t\u0131\u011f\u0131m\u0131z \u2019Meyve A\u011fa\u00e7lar\u0131nda Budama\u2019 kursunda kursiyerlerimiz ile bir araya geldik. Tar\u0131msal \u00fcretimin daha da bilin\u00e7li bir \u015fekilde yap\u0131lmas\u0131 i\u00e7in e\u011fitim faaliyetlerimizi s\u00fcrd\u00fcrece\u011fiz&#8221; ifadeleri yer ald\u0131.<br \/><\/p>\n","protected":false},"excerpt":{"rendered":"<p>Ayd\u0131n\u2019\u0131n Efeler il\u00e7esinde d\u00fczenlenen Meyve A\u011fa\u00e7lar\u0131nda Budama Kursu\u2019na kat\u0131lan \u00fcreticiler bir araya geldi. Efeler \u0130l\u00e7e Tar\u0131m ve Orman M\u00fcd\u00fcr\u00fc Mehmet Esen, tar\u0131m\u0131n temel konular\u0131ndan biri olan meyve a\u011fa\u00e7lar\u0131nda budama konulu e\u011fitim kursuna kat\u0131larak, \u00fcreticilerle bir araya geldi. Efeler \u0130l\u00e7e Tar\u0131m ve Orman M\u00fcd\u00fcrl\u00fc\u011f\u00fc, Halk E\u011fitim Merkezi M\u00fcd\u00fcrl\u00fc\u011f\u00fc ve Efeler Ziraat Odas\u0131 Ba\u015fkanl\u0131\u011f\u0131 i\u015fbirli\u011fiyle d\u00fczenlenen kurs,&#8230;<\/p>\n","protected":false},"author":1,"featured_media":19851,"comment_status":"open","ping_status":"open","sticky":false,"template":"","format":"standard","meta":{"_crdt_document":"","footnotes":""},"categories":[1],"tags":[],"class_list":["post-19850","post","type-post","status-publish","format-standard","has-post-thumbnail","hentry","category-guncel"],"_links":{"self":[{"href":"https:\/\/www.egemtv.com\/index.php?rest_route=\/wp\/v2\/posts\/19850","targetHints":{"allow":["GET"]}}],"collection":[{"href":"https:\/\/www.egemtv.com\/index.php?rest_route=\/wp\/v2\/posts"}],"about":[{"href":"https:\/\/www.egemtv.com\/index.php?rest_route=\/wp\/v2\/types\/post"}],"author":[{"embeddable":true,"href":"https:\/\/www.egemtv.com\/index.php?rest_route=\/wp\/v2\/users\/1"}],"replies":[{"embeddable":true,"href":"https:\/\/www.egemtv.com\/index.php?rest_route=%2Fwp%2Fv2%2Fcomments&post=19850"}],"version-history":[{"count":1,"href":"https:\/\/www.egemtv.com\/index.php?rest_route=\/wp\/v2\/posts\/19850\/revisions"}],"predecessor-version":[{"id":19852,"href":"https:\/\/www.egemtv.com\/index.php?rest_route=\/wp\/v2\/posts\/19850\/revisions\/19852"}],"wp:featuredmedia":[{"embeddable":true,"href":"https:\/\/www.egemtv.com\/index.php?rest_route=\/wp\/v2\/media\/19851"}],"wp:attachment":[{"href":"https:\/\/www.egemtv.com\/index.php?rest_route=%2Fwp%2Fv2%2Fmedia&parent=19850"}],"wp:term":[{"taxonomy":"category","embeddable":true,"href":"https:\/\/www.egemtv.com\/index.php?rest_route=%2Fwp%2Fv2%2Fcategories&post=19850"},{"taxonomy":"post_tag","embeddable":true,"href":"https:\/\/www.egemtv.com\/index.php?rest_route=%2Fwp%2Fv2%2Ftags&post=19850"}],"curies":[{"name":"wp","href":"https:\/\/api.w.org\/{rel}","templated":true}]}}