{"id":19847,"date":"2025-02-18T09:50:48","date_gmt":"2025-02-18T06:50:48","guid":{"rendered":"https:\/\/www.egemtv.com\/?p=19847"},"modified":"2025-02-18T09:50:53","modified_gmt":"2025-02-18T06:50:53","slug":"cesmede-sakiz-agaclarina-hayat-veren-is-birligi","status":"publish","type":"post","link":"https:\/\/www.egemtv.com\/?p=19847","title":{"rendered":"\u00c7e\u015fme\u2019de sak\u0131z a\u011fa\u00e7lar\u0131na hayat veren i\u015f birli\u011fi"},"content":{"rendered":"<p>\u00c7e\u015fme\u2019de sak\u0131z a\u011fa\u00e7lar\u0131n\u0131 korumak ve yayg\u0131nla\u015ft\u0131rmak amac\u0131yla S.S. \u00c7e\u015fmek\u00f6y Tar\u0131msal Kalk\u0131nma Kooperatifi ile Ege Gen\u00e7 \u0130\u015f \u0130nsanlar\u0131 Derne\u011fi (EG\u0130AD) aras\u0131nda i\u015f birli\u011fi protokol\u00fc imzaland\u0131. &#8220;Sak\u0131z A\u011fac\u0131m \u00c7e\u015fme Projesi&#8221; kapsam\u0131nda hayata ge\u00e7irilen bu giri\u015fimle, \u00c7e\u015fme\u2019nin tar\u0131m, turizm ve gastronomi potansiyelinin g\u00fc\u00e7lendirilmesi hedefleniyor.<br \/>\n<br \/>D\u00fcnyada yaln\u0131zca Sak\u0131z Adas\u0131 ve \u00c7e\u015fme yar\u0131madas\u0131nda yeti\u015fen sak\u0131z a\u011fa\u00e7lar\u0131, yok olma tehlikesiyle kar\u015f\u0131 kar\u015f\u0131ya. Bu de\u011ferli miras\u0131 ya\u015fatmak amac\u0131yla harekete ge\u00e7en EG\u0130AD ve \u00c7e\u015fmek\u00f6y Kooperatifi, proje kapsam\u0131nda \u00c7e\u015fme\u2019de sak\u0131z fidanlar\u0131 dikerek b\u00f6lgeye \u00f6zg\u00fc bu a\u011fac\u0131 yeniden canland\u0131rmay\u0131 ama\u00e7l\u0131yor. EG\u0130AD\u2019\u0131n kooperatife ba\u011f\u0131\u015flad\u0131\u011f\u0131 sak\u0131z fidanlar\u0131yla, \u00c7e\u015fme\u2019de EG\u0130AD ad\u0131yla an\u0131lacak bir sak\u0131z korusu olu\u015fturulacak.<\/p>\n<p>Sak\u0131z a\u011fac\u0131 ekonomiye ve istihdama katk\u0131 sa\u011flayacak<br \/>\n<br \/>Sak\u0131z a\u011fac\u0131, yaln\u0131zca ekosisteme katk\u0131 sa\u011flamakla kalm\u0131yor, ayn\u0131 zamanda b\u00fcy\u00fck bir ekonomik de\u011fere sahip. Uzun y\u0131llar ya\u015fayabilen bu a\u011fa\u00e7tan elde edilen re\u00e7ine, 250 farkl\u0131 sekt\u00f6rde kullan\u0131l\u0131yor. Ayr\u0131ca, proje kapsam\u0131nda b\u00f6lgedeki kad\u0131n istihdam\u0131n\u0131n art\u0131r\u0131lmas\u0131 da ama\u00e7lan\u0131yor.<br \/>\n<br \/>EG\u0130AD dernek merkezinde d\u00fczenlenen protokol t\u00f6renine, EG\u0130AD Y\u00f6netim Kurulu Ba\u015fkan\u0131 Kaan \u00d6zhelvac\u0131, S.S. \u00c7e\u015fmek\u00f6y Tar\u0131msal Kalk\u0131nma Kooperatifi Ba\u015fkan\u0131 Kaz\u0131m Beyaz, EG\u0130AD \u00dcyesi ve Proje Koordinat\u00f6r\u00fc Hasan Ege T\u00fct\u00fcnc\u00fco\u011flu ile EG\u0130AD \u00fcyeleri kat\u0131ld\u0131.<\/p>\n<p>&#8220;EG\u0130AD \u00f6rnek olmaya devam edecek&#8221;<br \/>\n<br \/>EG\u0130AD Ba\u015fkan\u0131 Kaan \u00d6zhelvac\u0131, \u00c7e\u015fme\u2019de EG\u0130AD Sak\u0131z A\u011fac\u0131 Korusu kuruldu\u011funu belirterek \u015fu a\u00e7\u0131klamada bulundu: &#8220;Sak\u0131z a\u011fac\u0131 sadece ekonomik bir de\u011fer ta\u015f\u0131m\u0131yor, ayn\u0131 zamanda ekosistem ve biyo\u00e7e\u015fitlilik i\u00e7in de kritik bir unsur. \u0130klim de\u011fi\u015fikli\u011fi, g\u00fcn\u00fcm\u00fcz\u00fcn en b\u00fcy\u00fck \u00e7evresel sorunlar\u0131ndan biri. EG\u0130AD olarak do\u011faya ve \u00e7evreye katk\u0131 sa\u011flayan projelerimizle \u00f6rnek olmaya devam edece\u011fiz. \u00c7e\u015fme\u2019nin damla sak\u0131z\u0131n\u0131 d\u00fcnya \u00e7ap\u0131nda tan\u0131tmak, tar\u0131m ve turizme katk\u0131 sa\u011flamak i\u00e7in buraday\u0131z. Ayr\u0131ca, sak\u0131z a\u011fac\u0131 yeti\u015ftiricili\u011finde yerel kad\u0131nlar\u0131n istihdam edilmesi de projenin \u00f6nemli bir boyutunu olu\u015fturuyor.&#8221;<\/p>\n<p>&#8220;250 adet sak\u0131z fidan\u0131 daha toprakla bulu\u015fuyor&#8221;<br \/>\n<br \/>Proje Koordinat\u00f6r\u00fc Hasan Ege T\u00fct\u00fcnc\u00fco\u011flu ise sak\u0131z a\u011fac\u0131n\u0131n tarihine ve \u00f6nemine vurgu yaparak, EG\u0130AD\u2019\u0131n do\u011fayla uyumlu kalk\u0131nma modeline dikkat \u00e7ekti. Projenin, \u0130zmir ve \u00c7e\u015fme\u2019nin uluslararas\u0131 pazarlarda daha g\u00fc\u00e7l\u00fc bir konum elde etmesine katk\u0131 sa\u011flayaca\u011f\u0131n\u0131 ifade eden T\u00fct\u00fcnc\u00fco\u011flu, &#8220;\u00dcyesi olmaktan onur duydu\u011fum Egiad ile k\u00fclt\u00fcrel ve tar\u0131msal miras\u0131m\u0131z\u0131 gelecek nesillere aktarmay\u0131 hedefleyen Sak\u0131z A\u011fac\u0131m \u00c7e\u015fme Projemiz i\u00e7in  yapt\u0131\u011f\u0131m\u0131z ba\u011f\u0131\u015f anla\u015fmas\u0131 kapsam\u0131nda 250 adet Sak\u0131z Fidan\u0131 daha toprakla bulu\u015fuyor. Sevgili Alp Avni Ba\u015fkan\u0131m zaman\u0131nda planlay\u0131p Sevgili Kaan Ba\u015fkan\u0131m d\u00f6neminde hayata ge\u00e7irdi\u011fimiz bu anlaml\u0131 \u00e7evre ve istihdam projemize destek  oldu\u011funuz i\u00e7in  t\u00fcm  Egiad Y\u00f6netim Kuruluna  te\u015fekk\u00fcr ederiz. \u00c7e\u015fmenin s\u00fcrd\u00fcr\u00fclebilir en iyi \u00e7evre projesi olan Sak\u0131z A\u011fac\u0131m \u00c7e\u015fme Projesinde b\u00f6ylece 6500 adet Sak\u0131z A\u011fac\u0131na ula\u015fm\u0131\u015f olduk. Gerek kad\u0131n istihdam\u0131na destek olan gerekse karbon izimizi azaltmam\u0131zda ciddi fayda sa\u011flayan projemizde y\u0131l sonuna kadar 20.000 Sak\u0131z A\u011fac\u0131n\u0131 dikmeyi planl\u0131yoruz. Eme\u011fi ge\u00e7en , katk\u0131da bulunan t\u00fcm payda\u015flar\u0131m\u0131za te\u015fekk\u00fcr ederiz&#8221; dedi.<\/p>\n<p>&#8220;Sak\u0131z a\u011fac\u0131n\u0131n \u00fclkemize sa\u011flayabilece\u011fi faydalar\u0131n anla\u015f\u0131lmas\u0131n\u0131 umuyorum&#8221;<br \/>\n<br \/>S.S. \u00c7e\u015fmek\u00f6y Tar\u0131msal Kalk\u0131nma Kooperatifi Ba\u015fkan\u0131 Kaz\u0131m Beyaz ise sak\u0131z a\u011fac\u0131n\u0131n dayan\u0131kl\u0131l\u0131\u011f\u0131na i\u015faret ederek \u015funlar\u0131 s\u00f6yledi: &#8220;Sak\u0131z a\u011fa\u00e7lar\u0131 ya\u015fland\u0131k\u00e7a dallar\u0131 yere de\u011ferek k\u00f6k sal\u0131yor ve yeniden ya\u015fam buluyor. Yand\u0131\u011f\u0131nda bile k\u00f6klerinden yeni s\u00fcrg\u00fcnler verebilen bu a\u011fa\u00e7, \u00e7ift\u00e7imizin ekonomisine b\u00fcy\u00fck katk\u0131 sa\u011flayabilir. Bug\u00fcn Sak\u0131z Adas\u0131\u2019nda y\u0131lda 150-200 ton sak\u0131z \u00fcretiliyor ve 60\u2019tan fazla sekt\u00f6rde kullan\u0131l\u0131yor. T\u00fcrkiye\u2019de de bu potansiyeli de\u011ferlendirmeliyiz. \u00c7e\u015fme\u2019nin \u00f6nc\u00fcl\u00fc\u011f\u00fcnde, sak\u0131z a\u011fac\u0131n\u0131n \u00fclkemize sa\u011flayabilece\u011fi faydalar\u0131n anla\u015f\u0131lmas\u0131n\u0131 umuyorum.&#8221;<br \/><\/p>\n","protected":false},"excerpt":{"rendered":"<p>\u00c7e\u015fme\u2019de sak\u0131z a\u011fa\u00e7lar\u0131n\u0131 korumak ve yayg\u0131nla\u015ft\u0131rmak amac\u0131yla S.S. \u00c7e\u015fmek\u00f6y Tar\u0131msal Kalk\u0131nma Kooperatifi ile Ege Gen\u00e7 \u0130\u015f \u0130nsanlar\u0131 Derne\u011fi (EG\u0130AD) aras\u0131nda i\u015f birli\u011fi protokol\u00fc imzaland\u0131. &#8220;Sak\u0131z A\u011fac\u0131m \u00c7e\u015fme Projesi&#8221; kapsam\u0131nda hayata ge\u00e7irilen bu giri\u015fimle, \u00c7e\u015fme\u2019nin tar\u0131m, turizm ve gastronomi potansiyelinin g\u00fc\u00e7lendirilmesi hedefleniyor. D\u00fcnyada yaln\u0131zca Sak\u0131z Adas\u0131 ve \u00c7e\u015fme yar\u0131madas\u0131nda yeti\u015fen sak\u0131z a\u011fa\u00e7lar\u0131, yok olma tehlikesiyle kar\u015f\u0131&#8230;<\/p>\n","protected":false},"author":1,"featured_media":19848,"comment_status":"open","ping_status":"open","sticky":false,"template":"","format":"standard","meta":{"_crdt_document":"","footnotes":""},"categories":[1],"tags":[],"class_list":["post-19847","post","type-post","status-publish","format-standard","has-post-thumbnail","hentry","category-guncel"],"_links":{"self":[{"href":"https:\/\/www.egemtv.com\/index.php?rest_route=\/wp\/v2\/posts\/19847","targetHints":{"allow":["GET"]}}],"collection":[{"href":"https:\/\/www.egemtv.com\/index.php?rest_route=\/wp\/v2\/posts"}],"about":[{"href":"https:\/\/www.egemtv.com\/index.php?rest_route=\/wp\/v2\/types\/post"}],"author":[{"embeddable":true,"href":"https:\/\/www.egemtv.com\/index.php?rest_route=\/wp\/v2\/users\/1"}],"replies":[{"embeddable":true,"href":"https:\/\/www.egemtv.com\/index.php?rest_route=%2Fwp%2Fv2%2Fcomments&post=19847"}],"version-history":[{"count":1,"href":"https:\/\/www.egemtv.com\/index.php?rest_route=\/wp\/v2\/posts\/19847\/revisions"}],"predecessor-version":[{"id":19849,"href":"https:\/\/www.egemtv.com\/index.php?rest_route=\/wp\/v2\/posts\/19847\/revisions\/19849"}],"wp:featuredmedia":[{"embeddable":true,"href":"https:\/\/www.egemtv.com\/index.php?rest_route=\/wp\/v2\/media\/19848"}],"wp:attachment":[{"href":"https:\/\/www.egemtv.com\/index.php?rest_route=%2Fwp%2Fv2%2Fmedia&parent=19847"}],"wp:term":[{"taxonomy":"category","embeddable":true,"href":"https:\/\/www.egemtv.com\/index.php?rest_route=%2Fwp%2Fv2%2Fcategories&post=19847"},{"taxonomy":"post_tag","embeddable":true,"href":"https:\/\/www.egemtv.com\/index.php?rest_route=%2Fwp%2Fv2%2Ftags&post=19847"}],"curies":[{"name":"wp","href":"https:\/\/api.w.org\/{rel}","templated":true}]}}