{"id":19841,"date":"2025-02-18T09:20:41","date_gmt":"2025-02-18T06:20:41","guid":{"rendered":"https:\/\/www.egemtv.com\/?p=19841"},"modified":"2025-02-18T09:20:48","modified_gmt":"2025-02-18T06:20:48","slug":"feto-uyeliginden-aranan-eski-mudur-kurutmaliktaki-camasirlarin-arasinda-yakalandi","status":"publish","type":"post","link":"https:\/\/www.egemtv.com\/?p=19841","title":{"rendered":"FET\u00d6 \u00fcyeli\u011finden aranan eski m\u00fcd\u00fcr kurutmal\u0131ktaki \u00e7ama\u015f\u0131rlar\u0131n aras\u0131nda yakaland\u0131"},"content":{"rendered":"<p>Ayd\u0131n\u2019\u0131n Efeler il\u00e7esinde FET\u00d6\/PDY silahl\u0131 ter\u00f6r \u00f6rg\u00fct\u00fc \u00fcyeli\u011finden hakk\u0131nda 6 y\u0131l 3 ay kesinle\u015fmi\u015f hapis cezas\u0131 bulunan \u0130l K\u00fclt\u00fcr ve Turizm eski m\u00fcd\u00fcr\u00fc N.A. polis ekipleri taraf\u0131ndan ger\u00e7ekle\u015ftirilen operasyonda, evinin balkonunda kurutmal\u0131ktaki \u00e7ama\u015f\u0131rlar\u0131n aras\u0131nda saklanmaya \u00e7al\u0131\u015f\u0131rken yakaland\u0131.<br \/>\n<br \/>Ayd\u0131n \u0130l Emniyet M\u00fcd\u00fcrl\u00fc\u011f\u00fc ekipleri ger\u00e7ekle\u015ftirdikleri ba\u015far\u0131l\u0131 \u00e7al\u0131\u015fmalar\u0131na bir yenisini daha ekledi. Edinilen bilgiye g\u00f6re, FET\u00d6\/PDY silahl\u0131 ter\u00f6r \u00f6rg\u00fct\u00fcne \u00fcye olma su\u00e7undan 4 y\u0131ld\u0131r aranan ve kamudan ihra\u00e7 edilen \u0130l K\u00fclt\u00fcr ve Turizm eski m\u00fcd\u00fcr\u00fc N.A.\u2019n\u0131n Girne Mahallesi\u2019ndeki evinde oldu\u011fu tespit edildi. Polis ekipleri hakk\u0131nda 6 y\u0131l 3 ay kesinle\u015fmi\u015f hapis cezas\u0131 bulunan N.A.\u2019n\u0131n yakalanmas\u0131 i\u00e7in operasyon ba\u015flatt\u0131.<\/p>\n<p>Balkonda kurutmal\u0131ktaki \u00e7ama\u015f\u0131rlar\u0131n aras\u0131na saklanmaya \u00e7al\u0131\u015ft\u0131<br \/>\n<br \/>D\u00fczenlenen operasyonda N.A. evinin balkonunda bulunan kurutmal\u0131kta as\u0131l\u0131 \u00e7ama\u015f\u0131rlar\u0131n aras\u0131na saklanarak kendini kamufle etmek istese de polis ekipleri taraf\u0131ndan fark edildi. Ekiplerce sakland\u0131\u011f\u0131 yerden \u00e7\u0131kart\u0131lan N.A. g\u00f6zalt\u0131na al\u0131narak emniyete g\u00f6t\u00fcr\u00fcld\u00fc. Emniyetteki i\u015flemlerinin ard\u0131ndan \u015fah\u0131s, sevk edildi\u011fi adli makamlarca tutuklanarak cezaevine g\u00f6nderildi.<br \/><\/p>\n","protected":false},"excerpt":{"rendered":"<p>Ayd\u0131n\u2019\u0131n Efeler il\u00e7esinde FET\u00d6\/PDY silahl\u0131 ter\u00f6r \u00f6rg\u00fct\u00fc \u00fcyeli\u011finden hakk\u0131nda 6 y\u0131l 3 ay kesinle\u015fmi\u015f hapis cezas\u0131 bulunan \u0130l K\u00fclt\u00fcr ve Turizm eski m\u00fcd\u00fcr\u00fc N.A. polis ekipleri taraf\u0131ndan ger\u00e7ekle\u015ftirilen operasyonda, evinin balkonunda kurutmal\u0131ktaki \u00e7ama\u015f\u0131rlar\u0131n aras\u0131nda saklanmaya \u00e7al\u0131\u015f\u0131rken yakaland\u0131. Ayd\u0131n \u0130l Emniyet M\u00fcd\u00fcrl\u00fc\u011f\u00fc ekipleri ger\u00e7ekle\u015ftirdikleri ba\u015far\u0131l\u0131 \u00e7al\u0131\u015fmalar\u0131na bir yenisini daha ekledi. Edinilen bilgiye g\u00f6re, FET\u00d6\/PDY silahl\u0131 ter\u00f6r&#8230;<\/p>\n","protected":false},"author":1,"featured_media":19842,"comment_status":"open","ping_status":"open","sticky":false,"template":"","format":"standard","meta":{"_crdt_document":"","footnotes":""},"categories":[5],"tags":[],"class_list":["post-19841","post","type-post","status-publish","format-standard","has-post-thumbnail","hentry","category-asayis"],"_links":{"self":[{"href":"https:\/\/www.egemtv.com\/index.php?rest_route=\/wp\/v2\/posts\/19841","targetHints":{"allow":["GET"]}}],"collection":[{"href":"https:\/\/www.egemtv.com\/index.php?rest_route=\/wp\/v2\/posts"}],"about":[{"href":"https:\/\/www.egemtv.com\/index.php?rest_route=\/wp\/v2\/types\/post"}],"author":[{"embeddable":true,"href":"https:\/\/www.egemtv.com\/index.php?rest_route=\/wp\/v2\/users\/1"}],"replies":[{"embeddable":true,"href":"https:\/\/www.egemtv.com\/index.php?rest_route=%2Fwp%2Fv2%2Fcomments&post=19841"}],"version-history":[{"count":1,"href":"https:\/\/www.egemtv.com\/index.php?rest_route=\/wp\/v2\/posts\/19841\/revisions"}],"predecessor-version":[{"id":19843,"href":"https:\/\/www.egemtv.com\/index.php?rest_route=\/wp\/v2\/posts\/19841\/revisions\/19843"}],"wp:featuredmedia":[{"embeddable":true,"href":"https:\/\/www.egemtv.com\/index.php?rest_route=\/wp\/v2\/media\/19842"}],"wp:attachment":[{"href":"https:\/\/www.egemtv.com\/index.php?rest_route=%2Fwp%2Fv2%2Fmedia&parent=19841"}],"wp:term":[{"taxonomy":"category","embeddable":true,"href":"https:\/\/www.egemtv.com\/index.php?rest_route=%2Fwp%2Fv2%2Fcategories&post=19841"},{"taxonomy":"post_tag","embeddable":true,"href":"https:\/\/www.egemtv.com\/index.php?rest_route=%2Fwp%2Fv2%2Ftags&post=19841"}],"curies":[{"name":"wp","href":"https:\/\/api.w.org\/{rel}","templated":true}]}}