{"id":19835,"date":"2025-02-18T08:48:35","date_gmt":"2025-02-18T05:48:35","guid":{"rendered":"https:\/\/www.egemtv.com\/?p=19835"},"modified":"2025-02-18T08:48:40","modified_gmt":"2025-02-18T05:48:40","slug":"aydinda-kardes-borsa-icin-imzalar-atildi","status":"publish","type":"post","link":"https:\/\/www.egemtv.com\/?p=19835","title":{"rendered":"Ayd\u0131n\u2019da \u2018Karde\u015f Borsa\u2019 i\u00e7in imzalar at\u0131ld\u0131"},"content":{"rendered":"<p>Ayd\u0131n Ticaret Borsas\u0131 ile I\u011fd\u0131r Ticaret Borsas\u0131 aras\u0131nda Karde\u015f Borsa \u0130\u015f Birli\u011fi Protokol\u00fc imzaland\u0131.<\/p>\n<p>Ayd\u0131n Ticaret Borsas\u0131 ile I\u011fd\u0131r Ticaret Borsas\u0131 aras\u0131nda, kar\u015f\u0131l\u0131kl\u0131 i\u015f birli\u011fini g\u00fc\u00e7lendirmek, ortak projeler y\u00fcr\u00fctmek ve hizmet kalitesini art\u0131rmak amac\u0131yla &#8220;Karde\u015f Borsa \u0130\u015f Birli\u011fi Protokol\u00fc&#8221; imzaland\u0131. I\u011fd\u0131r Ticaret Borsas\u0131 Y\u00f6netim Kurulu Ba\u015fkan\u0131 Serhat Kumtepe ve beraberindeki heyet, T\u00fcrkiye Odalar ve Borsalar Birli\u011fi (TOBB) Oda\/Borsa Akreditasyon \u00e7al\u0131\u015fmalar\u0131 kapsam\u0131nda, kar\u015f\u0131la\u015ft\u0131rmal\u0131 performans de\u011ferlendirmeleri yapmak ve i\u015f birli\u011fi imkanlar\u0131n\u0131 g\u00f6r\u00fc\u015fmek \u00fczere Ayd\u0131n Ticaret Borsas\u0131\u2019n\u0131 ziyaret etti. Ziyaret kapsam\u0131nda Ayd\u0131n Ticaret Borsas\u0131 Y\u00f6netim Kurulu Ba\u015fkan\u0131 Fevzi \u00c7ondur, Meclis Ba\u015fkan\u0131 A. Bahri Erdel ve borsa meclis \u00fcyeleriyle bir araya gelen heyet, i\u015f birli\u011fi alanlar\u0131n\u0131 detayl\u0131 \u015fekilde ele ald\u0131. Ger\u00e7ekle\u015ftirilen Karde\u015f Borsa \u0130\u015f Birli\u011fi Protokol\u00fc \u0130mza T\u00f6reni ve \u0130sti\u015fare Toplant\u0131s\u0131nda, iki borsa aras\u0131ndaki potansiyel i\u015f birli\u011fi f\u0131rsatlar\u0131 de\u011ferlendirildi. Toplant\u0131da, \u00fcyelere daha kaliteli hizmet sunulmas\u0131, ortak projelerin hayata ge\u00e7irilmesi ve b\u00f6lgesel kalk\u0131nmaya katk\u0131 sa\u011flanmas\u0131 konular\u0131nda fikir al\u0131\u015fveri\u015finde bulunuldu.<br \/>\n<br \/>Ayd\u0131n Ticaret Borsas\u0131 Y\u00f6netim Kurulu Ba\u015fkan\u0131 Fevzi \u00c7ondur, imzalanan protokol\u00fcn, iki borsa aras\u0131ndaki ileti\u015fimi g\u00fc\u00e7lendirmeyi, hizmet standartlar\u0131n\u0131 y\u00fckseltmeyi ve ortak faaliyetleri te\u015fvik etmeyi hedefledi\u011fini belirterek, karde\u015flik protokol\u00fcn\u00fcn her iki borsa i\u00e7in de hay\u0131rl\u0131 olmas\u0131n\u0131 temenni etti.<br \/>\n<br \/>I\u011fd\u0131r Ticaret Borsas\u0131 Y\u00f6netim Kurulu Ba\u015fkan\u0131 Serhat Kumtepe ise Ayd\u0131n Ticaret Borsas\u0131 ile i\u015f birli\u011fi yapmaktan duyduklar\u0131 memnuniyeti dile getirerek, protokol kapsam\u0131nda verimli projelere imza atacaklar\u0131n\u0131 ifade etti.<br \/>\n<br \/>Ziyaret, protokol imza t\u00f6reninin ard\u0131ndan ger\u00e7ekle\u015ftirilen toplu foto\u011fraf \u00e7ekimi ile sona erdi.<br \/><\/p>\n","protected":false},"excerpt":{"rendered":"<p>Ayd\u0131n Ticaret Borsas\u0131 ile I\u011fd\u0131r Ticaret Borsas\u0131 aras\u0131nda Karde\u015f Borsa \u0130\u015f Birli\u011fi Protokol\u00fc imzaland\u0131. Ayd\u0131n Ticaret Borsas\u0131 ile I\u011fd\u0131r Ticaret Borsas\u0131 aras\u0131nda, kar\u015f\u0131l\u0131kl\u0131 i\u015f birli\u011fini g\u00fc\u00e7lendirmek, ortak projeler y\u00fcr\u00fctmek ve hizmet kalitesini art\u0131rmak amac\u0131yla &#8220;Karde\u015f Borsa \u0130\u015f Birli\u011fi Protokol\u00fc&#8221; imzaland\u0131. I\u011fd\u0131r Ticaret Borsas\u0131 Y\u00f6netim Kurulu Ba\u015fkan\u0131 Serhat Kumtepe ve beraberindeki heyet, T\u00fcrkiye Odalar ve Borsalar&#8230;<\/p>\n","protected":false},"author":1,"featured_media":19836,"comment_status":"open","ping_status":"open","sticky":false,"template":"","format":"standard","meta":{"_crdt_document":"","footnotes":""},"categories":[1],"tags":[],"class_list":["post-19835","post","type-post","status-publish","format-standard","has-post-thumbnail","hentry","category-guncel"],"_links":{"self":[{"href":"https:\/\/www.egemtv.com\/index.php?rest_route=\/wp\/v2\/posts\/19835","targetHints":{"allow":["GET"]}}],"collection":[{"href":"https:\/\/www.egemtv.com\/index.php?rest_route=\/wp\/v2\/posts"}],"about":[{"href":"https:\/\/www.egemtv.com\/index.php?rest_route=\/wp\/v2\/types\/post"}],"author":[{"embeddable":true,"href":"https:\/\/www.egemtv.com\/index.php?rest_route=\/wp\/v2\/users\/1"}],"replies":[{"embeddable":true,"href":"https:\/\/www.egemtv.com\/index.php?rest_route=%2Fwp%2Fv2%2Fcomments&post=19835"}],"version-history":[{"count":1,"href":"https:\/\/www.egemtv.com\/index.php?rest_route=\/wp\/v2\/posts\/19835\/revisions"}],"predecessor-version":[{"id":19837,"href":"https:\/\/www.egemtv.com\/index.php?rest_route=\/wp\/v2\/posts\/19835\/revisions\/19837"}],"wp:featuredmedia":[{"embeddable":true,"href":"https:\/\/www.egemtv.com\/index.php?rest_route=\/wp\/v2\/media\/19836"}],"wp:attachment":[{"href":"https:\/\/www.egemtv.com\/index.php?rest_route=%2Fwp%2Fv2%2Fmedia&parent=19835"}],"wp:term":[{"taxonomy":"category","embeddable":true,"href":"https:\/\/www.egemtv.com\/index.php?rest_route=%2Fwp%2Fv2%2Fcategories&post=19835"},{"taxonomy":"post_tag","embeddable":true,"href":"https:\/\/www.egemtv.com\/index.php?rest_route=%2Fwp%2Fv2%2Ftags&post=19835"}],"curies":[{"name":"wp","href":"https:\/\/api.w.org\/{rel}","templated":true}]}}