{"id":19829,"date":"2025-02-18T08:45:52","date_gmt":"2025-02-18T05:45:52","guid":{"rendered":"https:\/\/www.egemtv.com\/?p=19829"},"modified":"2025-02-18T08:45:58","modified_gmt":"2025-02-18T05:45:58","slug":"didimde-zabita-ekipleri-denetimlerini-surduruyor","status":"publish","type":"post","link":"https:\/\/www.egemtv.com\/?p=19829","title":{"rendered":"Didim\u2019de zab\u0131ta ekipleri denetimlerini s\u00fcrd\u00fcr\u00fcyor"},"content":{"rendered":"<p>Didim Belediyesi ekipleri vatanda\u015flar\u0131n daha sa\u011fl\u0131kl\u0131 ve g\u00fcvenli bir ortamda ya\u015famas\u0131 i\u00e7in denetimlerine ara vermeden devam ediyor.<\/p>\n<p>Didim Belediyesi Zab\u0131ta M\u00fcd\u00fcrl\u00fc\u011f\u00fc ekipleri, il\u00e7ede bulunan zincir marketlerde kapsaml\u0131 bir denetim ger\u00e7ekle\u015ftirdi. Ekipler taraf\u0131ndan zincir marketlerde tarihi ge\u00e7mi\u015f \u00fcr\u00fcnler, fiyat etiket kontrol\u00fc ve gramaj kontrol\u00fc denetimleri yap\u0131ld\u0131. Denetimler hakk\u0131nda bilgi veren Didim Belediye Ba\u015fkan\u0131 Hatice Gen\u00e7ay, &#8220;Vatanda\u015flar\u0131n g\u00fcvenli ve sa\u011fl\u0131kl\u0131 bir kentte ya\u015famalar\u0131 i\u00e7in ekiplerimiz denetimlerini s\u00fcrd\u00fcr\u00fcyor. Zab\u0131ta Ekiplerimiz taraf\u0131ndan zincir marketlerde tarihi ge\u00e7mi\u015f \u00fcr\u00fcnler, fiyat etiket kontrol\u00fc ve gramaj kontrol\u00fc denetimleri yap\u0131ld\u0131. Vatanda\u015flar\u0131m\u0131z\u0131n sa\u011fl\u0131\u011f\u0131 i\u00e7in denetimlerimize ara vermeden devam edece\u011fiz&#8221; dedi.<br \/><\/p>\n","protected":false},"excerpt":{"rendered":"<p>Didim Belediyesi ekipleri vatanda\u015flar\u0131n daha sa\u011fl\u0131kl\u0131 ve g\u00fcvenli bir ortamda ya\u015famas\u0131 i\u00e7in denetimlerine ara vermeden devam ediyor. Didim Belediyesi Zab\u0131ta M\u00fcd\u00fcrl\u00fc\u011f\u00fc ekipleri, il\u00e7ede bulunan zincir marketlerde kapsaml\u0131 bir denetim ger\u00e7ekle\u015ftirdi. Ekipler taraf\u0131ndan zincir marketlerde tarihi ge\u00e7mi\u015f \u00fcr\u00fcnler, fiyat etiket kontrol\u00fc ve gramaj kontrol\u00fc denetimleri yap\u0131ld\u0131. Denetimler hakk\u0131nda bilgi veren Didim Belediye Ba\u015fkan\u0131 Hatice Gen\u00e7ay, &#8220;Vatanda\u015flar\u0131n&#8230;<\/p>\n","protected":false},"author":1,"featured_media":19830,"comment_status":"open","ping_status":"open","sticky":false,"template":"","format":"standard","meta":{"_crdt_document":"","footnotes":""},"categories":[1],"tags":[],"class_list":["post-19829","post","type-post","status-publish","format-standard","has-post-thumbnail","hentry","category-guncel"],"_links":{"self":[{"href":"https:\/\/www.egemtv.com\/index.php?rest_route=\/wp\/v2\/posts\/19829","targetHints":{"allow":["GET"]}}],"collection":[{"href":"https:\/\/www.egemtv.com\/index.php?rest_route=\/wp\/v2\/posts"}],"about":[{"href":"https:\/\/www.egemtv.com\/index.php?rest_route=\/wp\/v2\/types\/post"}],"author":[{"embeddable":true,"href":"https:\/\/www.egemtv.com\/index.php?rest_route=\/wp\/v2\/users\/1"}],"replies":[{"embeddable":true,"href":"https:\/\/www.egemtv.com\/index.php?rest_route=%2Fwp%2Fv2%2Fcomments&post=19829"}],"version-history":[{"count":1,"href":"https:\/\/www.egemtv.com\/index.php?rest_route=\/wp\/v2\/posts\/19829\/revisions"}],"predecessor-version":[{"id":19831,"href":"https:\/\/www.egemtv.com\/index.php?rest_route=\/wp\/v2\/posts\/19829\/revisions\/19831"}],"wp:featuredmedia":[{"embeddable":true,"href":"https:\/\/www.egemtv.com\/index.php?rest_route=\/wp\/v2\/media\/19830"}],"wp:attachment":[{"href":"https:\/\/www.egemtv.com\/index.php?rest_route=%2Fwp%2Fv2%2Fmedia&parent=19829"}],"wp:term":[{"taxonomy":"category","embeddable":true,"href":"https:\/\/www.egemtv.com\/index.php?rest_route=%2Fwp%2Fv2%2Fcategories&post=19829"},{"taxonomy":"post_tag","embeddable":true,"href":"https:\/\/www.egemtv.com\/index.php?rest_route=%2Fwp%2Fv2%2Ftags&post=19829"}],"curies":[{"name":"wp","href":"https:\/\/api.w.org\/{rel}","templated":true}]}}