{"id":19826,"date":"2025-02-18T08:27:30","date_gmt":"2025-02-18T05:27:30","guid":{"rendered":"https:\/\/www.egemtv.com\/?p=19826"},"modified":"2025-02-18T08:27:34","modified_gmt":"2025-02-18T05:27:34","slug":"evlerde-ramazan-hazirliklari-basladi","status":"publish","type":"post","link":"https:\/\/www.egemtv.com\/?p=19826","title":{"rendered":"Evlerde Ramazan haz\u0131rl\u0131klar\u0131 ba\u015flad\u0131"},"content":{"rendered":"<p>Manisa\u2019n\u0131n Sar\u0131g\u00f6l il\u00e7esinde ya\u015fayan ev han\u0131mlar\u0131, yakla\u015fan Ramazan ay\u0131 \u00f6ncesinde hummal\u0131 bir \u015fekilde haz\u0131rl\u0131klara ba\u015flad\u0131. Kad\u0131nlar, Ramazan ay\u0131nda t\u00fcketilmek \u00fczere evlerinde imece usul\u00fcyle yufka yaparak geleneklerini de ya\u015fat\u0131yor.<br \/>\n<br \/>Ev han\u0131mlar\u0131ndan Merve Somuncu, kom\u015fular\u0131yla bir araya gelerek her g\u00fcn yufka yapt\u0131klar\u0131n\u0131 ve Ramazan ay\u0131nda bu yufkalar\u0131 t\u00fcketeceklerini belirtti. Somuncu, yufkan\u0131n tok tuttu\u011funu, bu nedenle g\u00fcnl\u00fck bir aile i\u00e7in y\u00fcz adet yufka haz\u0131rlad\u0131klar\u0131n\u0131 ifade ederek, yufkan\u0131n bereketli oldu\u011funu da s\u00f6zlerine ekledi.<br \/>\n<br \/>Yufkadan yap\u0131lan yemeklere de de\u011finen Somuncu, Ramazan ay\u0131nda yufkalar\u0131 muhafaza ettikten sonra \u00fczerini hafif\u00e7e sulayarak yumu\u015fatt\u0131klar\u0131n\u0131 ve i\u00e7erisine marul, taze lor peyniri yaparak d\u00fcr\u00fcm olarak yediklerini s\u00f6yledi. Ayr\u0131ca yufkan\u0131n aras\u0131na k\u00f6fte, ha\u015flanm\u0131\u015f yumurta veya kavurma da konulabilece\u011fini belirten Somuncu, yufkadan f\u0131r\u0131nda b\u00f6rek de yapt\u0131klar\u0131n\u0131 ve yufkay\u0131 ufalay\u0131p i\u00e7erisine so\u011fan ve yumurta k\u0131rarak &#8220;ekmek a\u015f\u0131&#8221; yapt\u0131klar\u0131n\u0131 da s\u00f6zlerine ekledi. Somuncu, yufkan\u0131n Ramazan ay\u0131nda evlerinin olmazsa olmaz\u0131 oldu\u011funu da vurgulad\u0131.<br \/><\/p>\n","protected":false},"excerpt":{"rendered":"<p>Manisa\u2019n\u0131n Sar\u0131g\u00f6l il\u00e7esinde ya\u015fayan ev han\u0131mlar\u0131, yakla\u015fan Ramazan ay\u0131 \u00f6ncesinde hummal\u0131 bir \u015fekilde haz\u0131rl\u0131klara ba\u015flad\u0131. Kad\u0131nlar, Ramazan ay\u0131nda t\u00fcketilmek \u00fczere evlerinde imece usul\u00fcyle yufka yaparak geleneklerini de ya\u015fat\u0131yor. Ev han\u0131mlar\u0131ndan Merve Somuncu, kom\u015fular\u0131yla bir araya gelerek her g\u00fcn yufka yapt\u0131klar\u0131n\u0131 ve Ramazan ay\u0131nda bu yufkalar\u0131 t\u00fcketeceklerini belirtti. Somuncu, yufkan\u0131n tok tuttu\u011funu, bu nedenle g\u00fcnl\u00fck bir&#8230;<\/p>\n","protected":false},"author":1,"featured_media":19827,"comment_status":"open","ping_status":"open","sticky":false,"template":"","format":"standard","meta":{"_crdt_document":"","footnotes":""},"categories":[123],"tags":[],"class_list":["post-19826","post","type-post","status-publish","format-standard","has-post-thumbnail","hentry","category-gundem"],"_links":{"self":[{"href":"https:\/\/www.egemtv.com\/index.php?rest_route=\/wp\/v2\/posts\/19826","targetHints":{"allow":["GET"]}}],"collection":[{"href":"https:\/\/www.egemtv.com\/index.php?rest_route=\/wp\/v2\/posts"}],"about":[{"href":"https:\/\/www.egemtv.com\/index.php?rest_route=\/wp\/v2\/types\/post"}],"author":[{"embeddable":true,"href":"https:\/\/www.egemtv.com\/index.php?rest_route=\/wp\/v2\/users\/1"}],"replies":[{"embeddable":true,"href":"https:\/\/www.egemtv.com\/index.php?rest_route=%2Fwp%2Fv2%2Fcomments&post=19826"}],"version-history":[{"count":1,"href":"https:\/\/www.egemtv.com\/index.php?rest_route=\/wp\/v2\/posts\/19826\/revisions"}],"predecessor-version":[{"id":19828,"href":"https:\/\/www.egemtv.com\/index.php?rest_route=\/wp\/v2\/posts\/19826\/revisions\/19828"}],"wp:featuredmedia":[{"embeddable":true,"href":"https:\/\/www.egemtv.com\/index.php?rest_route=\/wp\/v2\/media\/19827"}],"wp:attachment":[{"href":"https:\/\/www.egemtv.com\/index.php?rest_route=%2Fwp%2Fv2%2Fmedia&parent=19826"}],"wp:term":[{"taxonomy":"category","embeddable":true,"href":"https:\/\/www.egemtv.com\/index.php?rest_route=%2Fwp%2Fv2%2Fcategories&post=19826"},{"taxonomy":"post_tag","embeddable":true,"href":"https:\/\/www.egemtv.com\/index.php?rest_route=%2Fwp%2Fv2%2Ftags&post=19826"}],"curies":[{"name":"wp","href":"https:\/\/api.w.org\/{rel}","templated":true}]}}