{"id":19823,"date":"2025-02-17T23:43:45","date_gmt":"2025-02-17T20:43:45","guid":{"rendered":"https:\/\/www.egemtv.com\/?p=19823"},"modified":"2025-02-17T23:43:49","modified_gmt":"2025-02-17T20:43:49","slug":"aydinda-jandarmanin-son-bir-haftada-yakaladigi-49-kisi-tutuklandi","status":"publish","type":"post","link":"https:\/\/www.egemtv.com\/?p=19823","title":{"rendered":"Ayd\u0131n\u2019da jandarman\u0131n son bir haftada yakalad\u0131\u011f\u0131 49 ki\u015fi tutukland\u0131"},"content":{"rendered":"<p>Ayd\u0131n \u0130l Jandarma Komutanl\u0131\u011f\u0131 taraf\u0131ndan il genelinde 10-16 \u015eubat tarihleri aras\u0131nda ger\u00e7ekle\u015ftirilen \u00e7al\u0131\u015fmalarda yakalanan kesinle\u015fmi\u015f hapis cezas\u0131 bulunan 49 ki\u015fi tutukland\u0131.<br \/>\n<br \/>\u0130l Jandarma Komutanl\u0131\u011f\u0131nca aranan \u015fah\u0131slar\u0131n yakalanmas\u0131na y\u00f6nelik 10-16 \u015eubat tarihleri aras\u0131nda yap\u0131lan \u00e7al\u0131\u015fmalarda 0-5 y\u0131l aras\u0131 hapis cezas\u0131 ile aranan 60 \u015fah\u0131s ile ifadeye y\u00f6nelik aranmas\u0131 olan 51 \u015fah\u0131s olmak \u00fczere toplam 111 \u015fah\u0131s yakaland\u0131. Yakalanan \u015fah\u0131slardan 49\u2019u tutuklanarak cezaevine g\u00f6nderildi.<br \/>\n<br \/>Asayi\u015f su\u00e7lar\u0131 kapsam\u0131nda meydana gelen 166 asayi\u015f olaylar\u0131n tamam\u0131 ayd\u0131nlat\u0131ld\u0131. 106 \u015f\u00fcpheli \u015fahs\u0131n yakaland\u0131\u011f\u0131 bu olaylarda 12 tabanca, 4 kurus\u0131k\u0131 tabanca, 8 av t\u00fcfe\u011fi olmak \u00fczere toplam 24 silah ele ge\u00e7irildi.<br \/>\n<br \/>Ka\u00e7ak\u00e7\u0131l\u0131k ve organize su\u00e7larla m\u00fccadele kapsam\u0131nda 3 ka\u00e7ak\u00e7\u0131l\u0131k, 1 mali olmak \u00fczere toplam 4 olay meydana geldi. 4 \u015f\u00fcpheli yakalan\u0131rken, olaylarda 640 paket sigara, 450 adet elektronik sigara likiti, 4 adet tabanca, 3 adet av t\u00fcfe\u011fi, 30 adet m\u00fchimmat ele ge\u00e7irildi.<br \/>\n<br \/>Narkotik su\u00e7larla m\u00fccadele kapsam\u0131nda meydana gelen 32 olayda 32 \u015f\u00fcpheli yakaland\u0131. Olaylarda 94 gram kubar esrar, 130 k\u00f6k kenevir, 4 gram metamfetamin, 2 adet uyu\u015fturucu kullanma aparat\u0131 ele ge\u00e7irildi.<br \/>\n<br \/>G\u00f6\u00e7men ka\u00e7ak\u00e7\u0131l\u0131\u011f\u0131 ve insan ticaretiyle m\u00fccadele kapsam\u0131nda da 4 olayda 7 d\u00fczensiz g\u00f6\u00e7men yakalan\u0131rken, siber su\u00e7larla m\u00fccadele kapsam\u0131nda internet \u00fczerinden i\u015flenen su\u00e7lara ili\u015fkin 11 \u015fahs\u0131n adli i\u015flemlerine ba\u015flan\u0131ld\u0131. Kimlik h\u0131rs\u0131zl\u0131\u011f\u0131na y\u00f6nelik 103, su\u00e7 i\u00e7erikli payla\u015f\u0131m yapan 643 adet internet sitesinin ilgili yerlere bildirimleri yap\u0131larak, ma\u011fduriyetlerin \u00f6n\u00fcne ge\u00e7ilmesi sa\u011fland\u0131.<br \/>\n<br \/>Ter\u00f6rle m\u00fccadele kapsam\u0131nda PKK\/KCK ter\u00f6r \u00f6rg\u00fct\u00fcn\u00fcn propagandas\u0131n\u0131 yapma su\u00e7undan 9 \u015fah\u0131s yakalanarak, haklar\u0131nda adli i\u015flem yap\u0131ld\u0131.<br \/>\n<br \/>Trafik su\u00e7lar\u0131 kapsam\u0131nda ise Ayd\u0131n genelinde 32 bin 358 arac\u0131 kontrol eden ekipler, kurallara uymad\u0131\u011f\u0131 tespit edilen 716 s\u00fcr\u00fcc\u00fcye cezai i\u015flem uygulad\u0131. Denetimlerde 144 ara\u00e7 trafikten men edilirken, 16 s\u00fcr\u00fcc\u00fcn\u00fcn ehliyetine de el konuldu. Okul servislerinin denetimine y\u00f6nelik de 199 servis arac\u0131 denetlendi.<br \/>\n<br \/>Okullar b\u00f6lgesi ve umuma a\u00e7\u0131k yerlerin denetimi kapsam\u0131nda 12 internet kafe ve oyun salonu, 225 kafe ve kahvehane, 71 i\u00e7kili mekan, 7 iddia ve ganyan bayii, 113 b\u00fcfe ve market, 146 park bah\u00e7e olmak \u00fczere toplam 574 alan denetlendi.<br \/><\/p>\n","protected":false},"excerpt":{"rendered":"<p>Ayd\u0131n \u0130l Jandarma Komutanl\u0131\u011f\u0131 taraf\u0131ndan il genelinde 10-16 \u015eubat tarihleri aras\u0131nda ger\u00e7ekle\u015ftirilen \u00e7al\u0131\u015fmalarda yakalanan kesinle\u015fmi\u015f hapis cezas\u0131 bulunan 49 ki\u015fi tutukland\u0131. \u0130l Jandarma Komutanl\u0131\u011f\u0131nca aranan \u015fah\u0131slar\u0131n yakalanmas\u0131na y\u00f6nelik 10-16 \u015eubat tarihleri aras\u0131nda yap\u0131lan \u00e7al\u0131\u015fmalarda 0-5 y\u0131l aras\u0131 hapis cezas\u0131 ile aranan 60 \u015fah\u0131s ile ifadeye y\u00f6nelik aranmas\u0131 olan 51 \u015fah\u0131s olmak \u00fczere toplam 111 \u015fah\u0131s&#8230;<\/p>\n","protected":false},"author":1,"featured_media":19824,"comment_status":"open","ping_status":"open","sticky":false,"template":"","format":"standard","meta":{"_crdt_document":"","footnotes":""},"categories":[5],"tags":[],"class_list":["post-19823","post","type-post","status-publish","format-standard","has-post-thumbnail","hentry","category-asayis"],"_links":{"self":[{"href":"https:\/\/www.egemtv.com\/index.php?rest_route=\/wp\/v2\/posts\/19823","targetHints":{"allow":["GET"]}}],"collection":[{"href":"https:\/\/www.egemtv.com\/index.php?rest_route=\/wp\/v2\/posts"}],"about":[{"href":"https:\/\/www.egemtv.com\/index.php?rest_route=\/wp\/v2\/types\/post"}],"author":[{"embeddable":true,"href":"https:\/\/www.egemtv.com\/index.php?rest_route=\/wp\/v2\/users\/1"}],"replies":[{"embeddable":true,"href":"https:\/\/www.egemtv.com\/index.php?rest_route=%2Fwp%2Fv2%2Fcomments&post=19823"}],"version-history":[{"count":1,"href":"https:\/\/www.egemtv.com\/index.php?rest_route=\/wp\/v2\/posts\/19823\/revisions"}],"predecessor-version":[{"id":19825,"href":"https:\/\/www.egemtv.com\/index.php?rest_route=\/wp\/v2\/posts\/19823\/revisions\/19825"}],"wp:featuredmedia":[{"embeddable":true,"href":"https:\/\/www.egemtv.com\/index.php?rest_route=\/wp\/v2\/media\/19824"}],"wp:attachment":[{"href":"https:\/\/www.egemtv.com\/index.php?rest_route=%2Fwp%2Fv2%2Fmedia&parent=19823"}],"wp:term":[{"taxonomy":"category","embeddable":true,"href":"https:\/\/www.egemtv.com\/index.php?rest_route=%2Fwp%2Fv2%2Fcategories&post=19823"},{"taxonomy":"post_tag","embeddable":true,"href":"https:\/\/www.egemtv.com\/index.php?rest_route=%2Fwp%2Fv2%2Ftags&post=19823"}],"curies":[{"name":"wp","href":"https:\/\/api.w.org\/{rel}","templated":true}]}}