{"id":19817,"date":"2025-02-17T20:31:37","date_gmt":"2025-02-17T17:31:37","guid":{"rendered":"https:\/\/www.egemtv.com\/?p=19817"},"modified":"2025-02-17T20:31:40","modified_gmt":"2025-02-17T17:31:40","slug":"efelerde-grev-sona-erdi","status":"publish","type":"post","link":"https:\/\/www.egemtv.com\/?p=19817","title":{"rendered":"Efeler\u2019de grev sona erdi"},"content":{"rendered":"<p>Maa\u015flar\u0131n\u0131n eksik \u00f6dendi\u011fi gerek\u00e7esiyle i\u015f b\u0131rakan Temizlik \u0130\u015fleri M\u00fcd\u00fcrl\u00fc\u011f\u00fc personelleri ile g\u00f6r\u00fc\u015fen Efeler Belediye Ba\u015fkan\u0131 An\u0131l Yeti\u015fkin, g\u00f6r\u00fc\u015fmelerin ard\u0131ndan grevin sona erdi\u011fini ifade ederek &#8220;\u00d6demelerinizi en k\u0131sa s\u00fcrede tamamlayaca\u011f\u0131z&#8221; dedi.<\/p>\n<p>Efeler Belediyesi\u2019nde g\u00f6rev yapan temizlik i\u015f\u00e7ilerinin, maa\u015flar\u0131n\u0131n eksik yatt\u0131\u011f\u0131 gerek\u00e7esiyle ger\u00e7ekle\u015ftirdi\u011fi grevin ard\u0131ndan vatanda\u015flar\u0131n ma\u011fdur olmamas\u0131 ad\u0131na sahaya inen Efeler Belediyesi\u2019nin di\u011fer birimlerinin personelleri ve Ayd\u0131n B\u00fcy\u00fck\u015fehir Belediyesi\u2019nin deste\u011fiyle il\u00e7e genelinde temizlik \u00e7al\u0131\u015fmalar\u0131 aksamadan ger\u00e7ekle\u015ftirildi. Ya\u015fanan durumun ard\u0131ndan Efeler Belediye Ba\u015fkan\u0131 An\u0131l Yeti\u015fkin, Temizlik \u0130\u015fleri M\u00fcd\u00fcrl\u00fc\u011f\u00fc\u2019nde g\u00f6rev yapan personelle bir araya geldi. Her f\u0131rsatta personellerin ma\u011fdur olmamas\u0131 ve Efeler\u2019de hizmetlerin aksamamas\u0131 ad\u0131na \u00e7abalad\u0131klar\u0131n\u0131 ifade eden Ba\u015fkan Yeti\u015fkin, i\u015f\u00e7ilerle anla\u015fmaya vard\u0131klar\u0131n\u0131 a\u00e7\u0131klad\u0131. Efeler Belediye Ba\u015fkan\u0131 An\u0131l Yeti\u015fkin ile Temizlik \u0130\u015fleri M\u00fcd\u00fcrl\u00fc\u011f\u00fc personeli aras\u0131nda yap\u0131lan g\u00f6r\u00fc\u015fmeler neticesinde grev sona erdi.<\/p>\n<p>&#8220;Siz eylem yapmasan\u0131z da hakk\u0131n\u0131z\u0131 \u00f6deyece\u011fiz&#8221;<br \/>\n<br \/>Efeler Belediyesi\u2019ne ait Kocag\u00fcr Mahallesi\u2019nde bulunan \u015fantiyede mesai arkada\u015flar\u0131yla bulu\u015fan Ba\u015fkan Yeti\u015fkin, onlara hitaben yapt\u0131\u011f\u0131 konu\u015fmas\u0131nda, &#8220;Yapt\u0131\u011f\u0131n\u0131z\u0131n do\u011fru olmad\u0131\u011f\u0131n\u0131 hala daha d\u00fc\u015f\u00fcnmeye devam ediyorum. \u00c7\u00fcnk\u00fc ma\u011fduriyetle kar\u015f\u0131 kar\u015f\u0131ya kalan Efeler halk\u0131 oldu. Bizler bu \u015fehre hizmet etmekle y\u00fck\u00fcml\u00fcy\u00fcz. Eyleme ba\u015flad\u0131\u011f\u0131n\u0131z Cumartesi g\u00fcn\u00fc de ayn\u0131 \u015feyleri s\u00f6yledim. Pazartesi g\u00fcn\u00fc hesaplar\u0131m\u0131z\u0131 tekrar kontrol edelim. Gerekli \u00e7al\u0131\u015fmalar\u0131 yapal\u0131m. Neler yapabiliriz bakal\u0131m ve s\u00fcreci en k\u0131sa s\u00fcrede \u00e7\u00f6z\u00fcme kavu\u015ftural\u0131m dedim. Bizler Efeler Belediyesi y\u00f6neticileri olarak, eylem yapmasayd\u0131n\u0131z da canla ba\u015fla sizlerin eksik \u00f6demelerinizi tamamlamak i\u00e7in \u00e7al\u0131\u015f\u0131yorduk ve \u00f6demelerinizi en k\u0131sa s\u00fcrede tamamlayaca\u011f\u0131z. L\u00fctfen bunu eylemle kazan\u0131lm\u0131\u015f bir zafer olarak g\u00f6rmeyin&#8221; ifadelerini kulland\u0131.<\/p>\n<p>Ba\u015fkan Yeti\u015fkin\u2019in konu\u015fmas\u0131n\u0131n ard\u0131ndan sahaya d\u00f6nen ekipler, 26 ara\u00e7l\u0131k bir filoyla kentte hummal\u0131 bir \u00e7al\u0131\u015fma ba\u015flatt\u0131.<br \/><\/p>\n","protected":false},"excerpt":{"rendered":"<p>Maa\u015flar\u0131n\u0131n eksik \u00f6dendi\u011fi gerek\u00e7esiyle i\u015f b\u0131rakan Temizlik \u0130\u015fleri M\u00fcd\u00fcrl\u00fc\u011f\u00fc personelleri ile g\u00f6r\u00fc\u015fen Efeler Belediye Ba\u015fkan\u0131 An\u0131l Yeti\u015fkin, g\u00f6r\u00fc\u015fmelerin ard\u0131ndan grevin sona erdi\u011fini ifade ederek &#8220;\u00d6demelerinizi en k\u0131sa s\u00fcrede tamamlayaca\u011f\u0131z&#8221; dedi. Efeler Belediyesi\u2019nde g\u00f6rev yapan temizlik i\u015f\u00e7ilerinin, maa\u015flar\u0131n\u0131n eksik yatt\u0131\u011f\u0131 gerek\u00e7esiyle ger\u00e7ekle\u015ftirdi\u011fi grevin ard\u0131ndan vatanda\u015flar\u0131n ma\u011fdur olmamas\u0131 ad\u0131na sahaya inen Efeler Belediyesi\u2019nin di\u011fer birimlerinin personelleri ve&#8230;<\/p>\n","protected":false},"author":1,"featured_media":19818,"comment_status":"open","ping_status":"open","sticky":false,"template":"","format":"standard","meta":{"_crdt_document":"","footnotes":""},"categories":[1],"tags":[],"class_list":["post-19817","post","type-post","status-publish","format-standard","has-post-thumbnail","hentry","category-guncel"],"_links":{"self":[{"href":"https:\/\/www.egemtv.com\/index.php?rest_route=\/wp\/v2\/posts\/19817","targetHints":{"allow":["GET"]}}],"collection":[{"href":"https:\/\/www.egemtv.com\/index.php?rest_route=\/wp\/v2\/posts"}],"about":[{"href":"https:\/\/www.egemtv.com\/index.php?rest_route=\/wp\/v2\/types\/post"}],"author":[{"embeddable":true,"href":"https:\/\/www.egemtv.com\/index.php?rest_route=\/wp\/v2\/users\/1"}],"replies":[{"embeddable":true,"href":"https:\/\/www.egemtv.com\/index.php?rest_route=%2Fwp%2Fv2%2Fcomments&post=19817"}],"version-history":[{"count":1,"href":"https:\/\/www.egemtv.com\/index.php?rest_route=\/wp\/v2\/posts\/19817\/revisions"}],"predecessor-version":[{"id":19819,"href":"https:\/\/www.egemtv.com\/index.php?rest_route=\/wp\/v2\/posts\/19817\/revisions\/19819"}],"wp:featuredmedia":[{"embeddable":true,"href":"https:\/\/www.egemtv.com\/index.php?rest_route=\/wp\/v2\/media\/19818"}],"wp:attachment":[{"href":"https:\/\/www.egemtv.com\/index.php?rest_route=%2Fwp%2Fv2%2Fmedia&parent=19817"}],"wp:term":[{"taxonomy":"category","embeddable":true,"href":"https:\/\/www.egemtv.com\/index.php?rest_route=%2Fwp%2Fv2%2Fcategories&post=19817"},{"taxonomy":"post_tag","embeddable":true,"href":"https:\/\/www.egemtv.com\/index.php?rest_route=%2Fwp%2Fv2%2Ftags&post=19817"}],"curies":[{"name":"wp","href":"https:\/\/api.w.org\/{rel}","templated":true}]}}