{"id":19814,"date":"2025-02-17T20:31:31","date_gmt":"2025-02-17T17:31:31","guid":{"rendered":"https:\/\/www.egemtv.com\/?p=19814"},"modified":"2025-02-17T20:31:37","modified_gmt":"2025-02-17T17:31:37","slug":"muglali-kadinlar-tasitlarin-ustasi-oluyor","status":"publish","type":"post","link":"https:\/\/www.egemtv.com\/?p=19814","title":{"rendered":"Mu\u011flal\u0131 kad\u0131nlar ta\u015f\u0131tlar\u0131n ustas\u0131 oluyor"},"content":{"rendered":"<p>Kad\u0131nlar\u0131n teknik beceriler kazanarak g\u00fcnl\u00fck ya\u015famlar\u0131nda daha ba\u011f\u0131ms\u0131z olmalar\u0131n\u0131 destekleyen Mu\u011fla B\u00fcy\u00fck\u015fehir Belediyesi, ilk etapta temel el aletleri kullan\u0131m\u0131 ve tamirat konular\u0131nda e\u011fitim verdi\u011fi kad\u0131nlara, \u015fimdi de ara\u00e7 bak\u0131m\u0131 \u00fczerine uygulamal\u0131 e\u011fitimler sunuyor.<br \/>\n<br \/>\u00dccretsiz olarak d\u00fczenlenen e\u011fitimlerde kat\u0131l\u0131mc\u0131lar; genel ara\u00e7 tan\u0131t\u0131m\u0131, silecek de\u011fi\u015fimi, ya\u011f ve su de\u011fi\u015fimi, ampul ve sigorta de\u011fi\u015fimi ile lastik de\u011fi\u015fimi gibi konularda bilgi sahibi oluyor. G\u00fcnl\u00fck hayatta s\u0131k\u00e7a kar\u015f\u0131la\u015f\u0131lan bu bak\u0131m i\u015flemlerini kendi ba\u015flar\u0131na yapabilmeyi \u00f6\u011frenen kad\u0131nlar, ara\u00e7 kullan\u0131m\u0131 konusundaki \u00f6zg\u00fcvenlerini art\u0131r\u0131yor.<br \/>\n<br \/>E\u011fitimlere kat\u0131lan Sema Sultan \u00d6zdemir, &#8220;\u00c7ok iyi \u015feyler olaca\u011f\u0131na eminim. \u015eu anda ba\u015flad\u0131\u011f\u0131m\u0131z, e\u011fer \u00f6\u011fretilecek diye anlat\u0131lanlar\u0131 dinledi\u011fimizde \u00e7ok g\u00fczel. En az\u0131ndan arabam\u0131z\u0131n tekerlerini de\u011fi\u015ftirece\u011fiz. Cam\u0131, silge\u00e7lerimizin lastiklerini de\u011fi\u015ftirebilece\u011fiz. \u0130n\u015fallah bunlar\u0131 hep birlikte g\u00f6rece\u011fiz. Ya\u011f de\u011fi\u015fimine kadar g\u00f6stereceklermi\u015f, bu da g\u00fczel. Bu hafta duydum ve kat\u0131ld\u0131m. Bundan sonra takip edece\u011fiz. Hepsinde olmaya \u00e7al\u0131\u015faca\u011f\u0131z. Yani bizim i\u00e7in iyi. Ba\u015fkas\u0131na muhta\u00e7 olmadan yolda kald\u0131\u011f\u0131m\u0131z zaman kendisi kendimi g\u00f6rebilmeliyim&#8221; dedi.<br \/>\n<br \/>Kursiyerlerden Emine \u00c7ak\u0131ro\u011flu, &#8220;Bizim a\u00e7\u0131m\u0131zdan, \u00f6zellikle bayanlar a\u00e7\u0131s\u0131ndan erkeklere muhta\u00e7 olmama ad\u0131na \u00e7ok g\u00fczel oldu\u011funu d\u00fc\u015f\u00fcn\u00fcyorum. Ba\u011f\u0131ms\u0131zl\u0131\u011f\u0131m\u0131z\u0131n bir nevi g\u00f6stergesi ve ilan\u0131 diyorum. Evet, kursumuz bug\u00fcn ilk g\u00fcn ba\u015flad\u0131. \u00d6ncelikle ben B\u00fcy\u00fck\u015fehir Belediyemize bu organizasyonu, e\u011fitimi tertipleyen, eme\u011fi ge\u00e7en t\u00fcm arkada\u015flar\u0131ma \u00e7ok te\u015fekk\u00fcr ediyorum. Bahsedilen e\u011fitimler \u00fc\u00e7 hafta boyunca s\u00fcrecek. \u0130n\u015fallah \u00fc\u00e7 hafta sonunda birazc\u0131k ara\u00e7 y\u00f6n\u00fcnden hayat\u0131m\u0131n ustas\u0131y\u0131m olarak bilgilenmi\u015f olaca\u011f\u0131m\u0131 d\u00fc\u015f\u00fcn\u00fcyorum&#8221; dedi.<br \/>\n<br \/>Yap\u0131lan \u00e7al\u0131\u015fmalar\u0131n 13 il\u00e7eye yay\u0131laca\u011f\u0131n\u0131 s\u00f6yleyen Kad\u0131n ve Aile Hizmetleri Dairesi Ba\u015fkan\u0131 Dr. \u00d6zge Demirel, &#8220;Bir \u00f6nceki \u2018Hayat\u0131m\u0131n Ustas\u0131y\u0131m\u2019 projesinde kad\u0131nlara marangozluk, tesisat, elektrik ve boyac\u0131l\u0131k at\u00f6lyeleriyle birlikte g\u00fcnl\u00fck hayatta kullanabilecekleri \u00e7al\u0131\u015fma hayatlar\u0131nda kullanabilecekleri, evlerinde kullanabilecekleri bir\u00e7ok meziyeti, bir\u00e7ok mesle\u011fi edindirmeye y\u00f6nelik \u00e7al\u0131\u015fmalar yapt\u0131k. 8 hafta s\u00fcrecek o e\u011fitimlerimiz devam ediyor. Ayn\u0131 zamanda vatanda\u015flar\u0131m\u0131zdan gelen yo\u011fun taleple birlikte, bug\u00fcn \u2018Hayat\u0131m\u0131n Ustas\u0131y\u0131m\u2019 ta\u015f\u0131tla birlikte yeni bir programa ba\u015flad\u0131. Bu \u00e7al\u0131\u015fmalara Mu\u011fla\u2019l\u0131 kad\u0131nlar\u0131n \u00e7ok yo\u011fun ilgisi var. Onlar istedik\u00e7e, onlar kat\u0131l\u0131ma devam ettik\u00e7e bizlerin projeleri 13 il\u00e7ede yayg\u0131nla\u015farak devam edecek&#8221; \u015feklinde konu\u015ftu.<br \/>\n<br \/>At\u00f6lyede yap\u0131lan \u00e7al\u0131\u015fmalara de\u011finen Ula\u015f\u0131m Dairesi Ba\u015fkan\u0131 S\u00fcleyman \u00d6zdemir, &#8220;Kad\u0131n ve Aile Hizmetleri Daire Ba\u015fkanl\u0131\u011f\u0131m\u0131zla birlikte y\u00fcr\u00fctt\u00fc\u011f\u00fcm\u00fcz \u2018Hayat\u0131m\u0131n Ustas\u0131y\u0131m\u2019 ta\u015f\u0131t projesi kapsam\u0131nda at\u00f6lye e\u011fitimlerimiz ba\u015flam\u0131\u015ft\u0131r. E\u011fitimlerimiz \u00fc\u00e7 hafta s\u00fcrecektir. Burada kad\u0131nlara basit ara\u00e7 \u00fczerindeki temel arac\u0131n tan\u0131t\u0131m\u0131, ya\u011f kontrol\u00fc, lastik de\u011fi\u015fimi, su seviyesinin kontrol\u00fc gibi konular \u00f6\u011fretilecektir. Buradaki amac\u0131m\u0131z, kad\u0131nlar\u0131n sosyal hayatta daha etkin olmalar\u0131n\u0131 sa\u011flamak, toplumsal cinsiyet e\u015fitli\u011fini ortaya \u00e7\u0131karmak hedeflenmektedir&#8221; dedi.<br \/>\n<br \/>K\u0131y\u0131 Ege Belediyeler Birli\u011fi ve Mu\u011fla B\u00fcy\u00fck\u015fehir Belediye Ba\u015fkan\u0131 Ahmet Aras: kad\u0131nlar\u0131n ya\u015fam\u0131n her alan\u0131nda daha aktif rol alabilmesi i\u00e7in \u00e7al\u0131\u015fmalara aral\u0131ks\u0131z devam ettiklerini belirterek Anadolu kad\u0131n\u0131n\u0131n, azim ve kararl\u0131l\u0131kla \u00fcstesinden gelemeyece\u011fi hi\u00e7bir \u015fey olmad\u0131\u011f\u0131n\u0131 tarih boyunca kan\u0131tlad\u0131\u011f\u0131n\u0131 a\u00e7\u0131klad\u0131.<br \/><\/p>\n","protected":false},"excerpt":{"rendered":"<p>Kad\u0131nlar\u0131n teknik beceriler kazanarak g\u00fcnl\u00fck ya\u015famlar\u0131nda daha ba\u011f\u0131ms\u0131z olmalar\u0131n\u0131 destekleyen Mu\u011fla B\u00fcy\u00fck\u015fehir Belediyesi, ilk etapta temel el aletleri kullan\u0131m\u0131 ve tamirat konular\u0131nda e\u011fitim verdi\u011fi kad\u0131nlara, \u015fimdi de ara\u00e7 bak\u0131m\u0131 \u00fczerine uygulamal\u0131 e\u011fitimler sunuyor. \u00dccretsiz olarak d\u00fczenlenen e\u011fitimlerde kat\u0131l\u0131mc\u0131lar; genel ara\u00e7 tan\u0131t\u0131m\u0131, silecek de\u011fi\u015fimi, ya\u011f ve su de\u011fi\u015fimi, ampul ve sigorta de\u011fi\u015fimi ile lastik de\u011fi\u015fimi gibi&#8230;<\/p>\n","protected":false},"author":1,"featured_media":19815,"comment_status":"open","ping_status":"open","sticky":false,"template":"","format":"standard","meta":{"_crdt_document":"","footnotes":""},"categories":[125],"tags":[],"class_list":["post-19814","post","type-post","status-publish","format-standard","has-post-thumbnail","hentry","category-ekonomi"],"_links":{"self":[{"href":"https:\/\/www.egemtv.com\/index.php?rest_route=\/wp\/v2\/posts\/19814","targetHints":{"allow":["GET"]}}],"collection":[{"href":"https:\/\/www.egemtv.com\/index.php?rest_route=\/wp\/v2\/posts"}],"about":[{"href":"https:\/\/www.egemtv.com\/index.php?rest_route=\/wp\/v2\/types\/post"}],"author":[{"embeddable":true,"href":"https:\/\/www.egemtv.com\/index.php?rest_route=\/wp\/v2\/users\/1"}],"replies":[{"embeddable":true,"href":"https:\/\/www.egemtv.com\/index.php?rest_route=%2Fwp%2Fv2%2Fcomments&post=19814"}],"version-history":[{"count":1,"href":"https:\/\/www.egemtv.com\/index.php?rest_route=\/wp\/v2\/posts\/19814\/revisions"}],"predecessor-version":[{"id":19816,"href":"https:\/\/www.egemtv.com\/index.php?rest_route=\/wp\/v2\/posts\/19814\/revisions\/19816"}],"wp:featuredmedia":[{"embeddable":true,"href":"https:\/\/www.egemtv.com\/index.php?rest_route=\/wp\/v2\/media\/19815"}],"wp:attachment":[{"href":"https:\/\/www.egemtv.com\/index.php?rest_route=%2Fwp%2Fv2%2Fmedia&parent=19814"}],"wp:term":[{"taxonomy":"category","embeddable":true,"href":"https:\/\/www.egemtv.com\/index.php?rest_route=%2Fwp%2Fv2%2Fcategories&post=19814"},{"taxonomy":"post_tag","embeddable":true,"href":"https:\/\/www.egemtv.com\/index.php?rest_route=%2Fwp%2Fv2%2Ftags&post=19814"}],"curies":[{"name":"wp","href":"https:\/\/api.w.org\/{rel}","templated":true}]}}