{"id":19807,"date":"2025-02-17T20:10:51","date_gmt":"2025-02-17T17:10:51","guid":{"rendered":"https:\/\/www.egemtv.com\/?p=19807"},"modified":"2025-02-17T20:10:56","modified_gmt":"2025-02-17T17:10:56","slug":"baskan-arici-biz-bir-aileyiz-her-zorlukta-birlikteyiz","status":"publish","type":"post","link":"https:\/\/www.egemtv.com\/?p=19807","title":{"rendered":"Ba\u015fkan Ar\u0131c\u0131: &#8220;Biz bir aileyiz, her zorlukta birlikteyiz&#8221;"},"content":{"rendered":"<p>Ko\u00e7arl\u0131 Belediye Ba\u015fkan\u0131, belediyede gece g\u00fcnd\u00fcz demeden \u00e7al\u0131\u015fan emek\u00e7ilerle bir araya gelerek ya\u015fanan maa\u015f s\u0131k\u0131nt\u0131lar\u0131yla ilgili \u00f6nemli a\u00e7\u0131klamalarda bulundu. Ba\u015fkan Ar\u0131c\u0131, &#8220;Biz bir aileyiz, her zorlukta birlikteyiz&#8221; dedi.<\/p>\n<p>Maddi s\u0131k\u0131nt\u0131lar nedeniyle maa\u015flar\u0131n\u0131n tamam\u0131n\u0131 alamayan i\u015f\u00e7ilerin eksik kalan maa\u015flar\u0131n\u0131 en k\u0131sa s\u00fcrede yat\u0131racaklar\u0131n\u0131 belirten Ba\u015fkan Ar\u0131c\u0131, &#8220;Eme\u011fe ve al\u0131n terine sahip \u00e7\u0131kmaya devam edece\u011fiz. G\u00f6sterdikleri anlay\u0131\u015f ve sab\u0131r i\u00e7in t\u00fcm \u00e7al\u0131\u015fanlar\u0131m\u0131za te\u015fekk\u00fcr ediyorum&#8221; dedi. \u00c7al\u0131\u015fanlar\u0131n huzuru ve ekonomik s\u0131k\u0131nt\u0131 ya\u015famamalar\u0131 i\u00e7in ellerinden geleni yapt\u0131klar\u0131n\u0131 vurgulayan Ar\u0131c\u0131, \u00e7\u0131kan s\u00f6ylentilere de yan\u0131t verdi. Konu\u015fmas\u0131nda, &#8220;\u00c7\u0131kan dedikodulardan dolay\u0131 kar\u015f\u0131n\u0131za geldim. Biliyorum ge\u00e7en ay ve bu ay eksik maa\u015f ald\u0131n\u0131z. 4 Mart tarihine kadar b\u00fct\u00fcn eksik maa\u015flar\u0131n\u0131z\u0131 alacaks\u0131n\u0131z. \u0130\u00e7iniz rahat olsun. Size \u00f6denmeyen her para benim de huzurumu ka\u00e7\u0131r\u0131yor. Hakk\u0131n\u0131z\u0131n tamam\u0131n\u0131 alacaks\u0131n\u0131z. Kendi \u015fahsi \u00f6demeleriniz i\u00e7in de 5 Mart i\u00e7in herkese s\u00f6z verebilirsiniz. Eksik kalan maa\u015flar\u0131n\u0131z\u0131n tamam\u0131 hesaplar\u0131n\u0131za yatm\u0131\u015f olacak. Hi\u00e7bir alaca\u011f\u0131n\u0131z kalmayacak&#8221; ifadelerini kulland\u0131.<\/p>\n<p>Acil \u00f6demesi olan personelin ma\u011fdur edilmemesi i\u00e7in de duyarl\u0131l\u0131k g\u00f6stereceklerini belirten Ba\u015fkan Ar\u0131c\u0131, &#8220;Bu arada \u00e7ok acil \u00f6demesi olan, hastal\u0131k ya da farkl\u0131 bir durum nedeniyle zorluk ya\u015fayan arkada\u015flar\u0131m\u0131z olursa, m\u00fcd\u00fcrlerine iletsinler. Ben kendim \u015fahsi olarak \u00f6deme yapaca\u011f\u0131m. Hi\u00e7birinizi ma\u011fdur etmeyece\u011fim. \u00c7\u00fcnk\u00fc biz burada bir aileyiz. Benim hepinize ihtiyac\u0131m var. Hi\u00e7birinizin ma\u011fdur olmas\u0131n\u0131 istemiyorum ve i\u00e7iniz rahat olsun&#8221; diye konu\u015ftu.<br \/><\/p>\n","protected":false},"excerpt":{"rendered":"<p>Ko\u00e7arl\u0131 Belediye Ba\u015fkan\u0131, belediyede gece g\u00fcnd\u00fcz demeden \u00e7al\u0131\u015fan emek\u00e7ilerle bir araya gelerek ya\u015fanan maa\u015f s\u0131k\u0131nt\u0131lar\u0131yla ilgili \u00f6nemli a\u00e7\u0131klamalarda bulundu. Ba\u015fkan Ar\u0131c\u0131, &#8220;Biz bir aileyiz, her zorlukta birlikteyiz&#8221; dedi. Maddi s\u0131k\u0131nt\u0131lar nedeniyle maa\u015flar\u0131n\u0131n tamam\u0131n\u0131 alamayan i\u015f\u00e7ilerin eksik kalan maa\u015flar\u0131n\u0131 en k\u0131sa s\u00fcrede yat\u0131racaklar\u0131n\u0131 belirten Ba\u015fkan Ar\u0131c\u0131, &#8220;Eme\u011fe ve al\u0131n terine sahip \u00e7\u0131kmaya devam edece\u011fiz. G\u00f6sterdikleri anlay\u0131\u015f&#8230;<\/p>\n","protected":false},"author":1,"featured_media":19808,"comment_status":"open","ping_status":"open","sticky":false,"template":"","format":"standard","meta":{"_crdt_document":"","footnotes":""},"categories":[1],"tags":[],"class_list":["post-19807","post","type-post","status-publish","format-standard","has-post-thumbnail","hentry","category-guncel"],"_links":{"self":[{"href":"https:\/\/www.egemtv.com\/index.php?rest_route=\/wp\/v2\/posts\/19807","targetHints":{"allow":["GET"]}}],"collection":[{"href":"https:\/\/www.egemtv.com\/index.php?rest_route=\/wp\/v2\/posts"}],"about":[{"href":"https:\/\/www.egemtv.com\/index.php?rest_route=\/wp\/v2\/types\/post"}],"author":[{"embeddable":true,"href":"https:\/\/www.egemtv.com\/index.php?rest_route=\/wp\/v2\/users\/1"}],"replies":[{"embeddable":true,"href":"https:\/\/www.egemtv.com\/index.php?rest_route=%2Fwp%2Fv2%2Fcomments&post=19807"}],"version-history":[{"count":1,"href":"https:\/\/www.egemtv.com\/index.php?rest_route=\/wp\/v2\/posts\/19807\/revisions"}],"predecessor-version":[{"id":19812,"href":"https:\/\/www.egemtv.com\/index.php?rest_route=\/wp\/v2\/posts\/19807\/revisions\/19812"}],"wp:featuredmedia":[{"embeddable":true,"href":"https:\/\/www.egemtv.com\/index.php?rest_route=\/wp\/v2\/media\/19808"}],"wp:attachment":[{"href":"https:\/\/www.egemtv.com\/index.php?rest_route=%2Fwp%2Fv2%2Fmedia&parent=19807"}],"wp:term":[{"taxonomy":"category","embeddable":true,"href":"https:\/\/www.egemtv.com\/index.php?rest_route=%2Fwp%2Fv2%2Fcategories&post=19807"},{"taxonomy":"post_tag","embeddable":true,"href":"https:\/\/www.egemtv.com\/index.php?rest_route=%2Fwp%2Fv2%2Ftags&post=19807"}],"curies":[{"name":"wp","href":"https:\/\/api.w.org\/{rel}","templated":true}]}}