{"id":19796,"date":"2025-02-17T20:10:37","date_gmt":"2025-02-17T17:10:37","guid":{"rendered":"https:\/\/www.egemtv.com\/?p=19796"},"modified":"2025-02-17T20:10:45","modified_gmt":"2025-02-17T17:10:45","slug":"usak-valiliginden-soguk-ve-yagisli-hava-icin-uyardi","status":"publish","type":"post","link":"https:\/\/www.egemtv.com\/?p=19796","title":{"rendered":"U\u015fak Valili\u011finden so\u011fuk ve ya\u011f\u0131\u015fl\u0131 hava i\u00e7in uyard\u0131"},"content":{"rendered":"<p>U\u015fak Valili\u011fi sosyal medya \u00fczerinden yapm\u0131\u015f oldu\u011fu uyar\u0131da kent genelinde 18 \u015eubat tarihi itibariyle hava s\u0131cakl\u0131klar\u0131n 8 ile 12 derece azalaca\u011f\u0131n\u0131 ve so\u011fuk hava uyar\u0131s\u0131nda bulundu.<br \/>\n<br \/>U\u015fak Valili\u011fi sosyal medya \u00fczerinden yap\u0131lan payla\u015f\u0131mda hava s\u0131cakl\u0131klar\u0131n mevsim normallerin alt\u0131na d\u00fc\u015fece\u011fini ve beklenen kuvvetli r\u00fczgar\u0131n 1 hafta s\u00fcrece\u011fini vurgulayarak; &#8220;Yap\u0131lan son meteorolojik de\u011ferlendirmelere g\u00f6re, B\u00f6lgemizin (Afyonkarahisar, Denizli, U\u015fak) 18 \u015eubat 2025 Sal\u0131 g\u00fcn\u00fcnden itibaren Karadeniz \u00fczerinden gelecek olan so\u011fuk ve ya\u011f\u0131\u015fl\u0131 havan\u0131n etkisi alt\u0131na girmesi bekleniyor. Kuzey y\u00f6nlerden esmesi beklenen r\u00fczg\u00e2rlarla birlikte, hava s\u0131cakl\u0131klar\u0131n\u0131n \u00c7ar\u015famba g\u00fcn\u00fcnden itibaren b\u00f6lge genelinde hissedilir derecede (8 ila 12 C) azalarak mevsim normallerinin alt\u0131na d\u00fc\u015fece\u011fi tahmin ediliyor. So\u011fuk ve ya\u011f\u0131\u015fl\u0131 havan\u0131n b\u00f6lge genelinde 1 hafta boyunca etkili olmas\u0131 beklenirken, bu gece saatlerinde ya\u011fmur seklinde ba\u015flayacak ya\u011f\u0131\u015flar\u0131n zamanla karla kar\u0131\u015f\u0131k ya\u011fmur ve \u00c7ar\u015famba g\u00fcn\u00fc aral\u0131kl\u0131 kar ya\u011f\u0131\u015f\u0131 \u015feklinde olmas\u0131 tahmin ediliyor. Meydana gelebilecek kar ya\u011f\u0131\u015f\u0131, buzlanma ve don olaylar\u0131na kar\u015f\u0131; \u00c7evre, \u015eehircilik ve \u0130klim De\u011fi\u015fikli\u011fi Bakanl\u0131\u011f\u0131 Meteoroloji Genel M\u00fcd\u00fcrl\u00fc\u011f\u00fc\u2019n\u00fcn haz\u0131rlay\u0131p yay\u0131nlad\u0131\u011f\u0131 tahmin ve meteorolojik erken uyar\u0131lar\u0131n takip edilmesi \u00f6nem arz etmektedir. \u0130llerimizde \u00c7ar\u015famba g\u00fcn\u00fcnden itibaren \u00f6n\u00fcm\u00fczdeki bir haftal\u0131k periyotta ger\u00e7ekle\u015fmesi beklenen en d\u00fc\u015f\u00fck hava s\u0131cakl\u0131klar\u0131n\u0131n a\u015fa\u011f\u0131da belirtilen de\u011ferlere (C) kadar d\u00fc\u015fmesi bekleniyor.&#8221; ifadeleri kullan\u0131ld\u0131.<br \/><\/p>\n","protected":false},"excerpt":{"rendered":"<p>U\u015fak Valili\u011fi sosyal medya \u00fczerinden yapm\u0131\u015f oldu\u011fu uyar\u0131da kent genelinde 18 \u015eubat tarihi itibariyle hava s\u0131cakl\u0131klar\u0131n 8 ile 12 derece azalaca\u011f\u0131n\u0131 ve so\u011fuk hava uyar\u0131s\u0131nda bulundu. U\u015fak Valili\u011fi sosyal medya \u00fczerinden yap\u0131lan payla\u015f\u0131mda hava s\u0131cakl\u0131klar\u0131n mevsim normallerin alt\u0131na d\u00fc\u015fece\u011fini ve beklenen kuvvetli r\u00fczgar\u0131n 1 hafta s\u00fcrece\u011fini vurgulayarak; &#8220;Yap\u0131lan son meteorolojik de\u011ferlendirmelere g\u00f6re, B\u00f6lgemizin (Afyonkarahisar, Denizli,&#8230;<\/p>\n","protected":false},"author":1,"featured_media":19797,"comment_status":"open","ping_status":"open","sticky":false,"template":"","format":"standard","meta":{"_crdt_document":"","footnotes":""},"categories":[1],"tags":[],"class_list":["post-19796","post","type-post","status-publish","format-standard","has-post-thumbnail","hentry","category-guncel"],"_links":{"self":[{"href":"https:\/\/www.egemtv.com\/index.php?rest_route=\/wp\/v2\/posts\/19796","targetHints":{"allow":["GET"]}}],"collection":[{"href":"https:\/\/www.egemtv.com\/index.php?rest_route=\/wp\/v2\/posts"}],"about":[{"href":"https:\/\/www.egemtv.com\/index.php?rest_route=\/wp\/v2\/types\/post"}],"author":[{"embeddable":true,"href":"https:\/\/www.egemtv.com\/index.php?rest_route=\/wp\/v2\/users\/1"}],"replies":[{"embeddable":true,"href":"https:\/\/www.egemtv.com\/index.php?rest_route=%2Fwp%2Fv2%2Fcomments&post=19796"}],"version-history":[{"count":1,"href":"https:\/\/www.egemtv.com\/index.php?rest_route=\/wp\/v2\/posts\/19796\/revisions"}],"predecessor-version":[{"id":19800,"href":"https:\/\/www.egemtv.com\/index.php?rest_route=\/wp\/v2\/posts\/19796\/revisions\/19800"}],"wp:featuredmedia":[{"embeddable":true,"href":"https:\/\/www.egemtv.com\/index.php?rest_route=\/wp\/v2\/media\/19797"}],"wp:attachment":[{"href":"https:\/\/www.egemtv.com\/index.php?rest_route=%2Fwp%2Fv2%2Fmedia&parent=19796"}],"wp:term":[{"taxonomy":"category","embeddable":true,"href":"https:\/\/www.egemtv.com\/index.php?rest_route=%2Fwp%2Fv2%2Fcategories&post=19796"},{"taxonomy":"post_tag","embeddable":true,"href":"https:\/\/www.egemtv.com\/index.php?rest_route=%2Fwp%2Fv2%2Ftags&post=19796"}],"curies":[{"name":"wp","href":"https:\/\/api.w.org\/{rel}","templated":true}]}}