{"id":19793,"date":"2025-02-17T19:42:50","date_gmt":"2025-02-17T16:42:50","guid":{"rendered":"https:\/\/www.egemtv.com\/?p=19793"},"modified":"2025-02-17T19:42:54","modified_gmt":"2025-02-17T16:42:54","slug":"karsi-seride-gecen-tir-uc-araca-carpti-1-olu-1-yarali","status":"publish","type":"post","link":"https:\/\/www.egemtv.com\/?p=19793","title":{"rendered":"Kar\u015f\u0131 \u015feride ge\u00e7en t\u0131r \u00fc\u00e7 araca \u00e7arpt\u0131: 1 \u00f6l\u00fc, 1 yaral\u0131"},"content":{"rendered":"<p>\u0130zmir\u2019in Menemen il\u00e7esinde s\u00fcr\u00fcc\u00fcs\u00fcn\u00fcn direksiyon hakimiyetini kaybetti\u011fi t\u0131r, kar\u015f\u0131 \u015feride ge\u00e7erek \u00fc\u00e7 araca \u00e7arpt\u0131. Kazada t\u0131r s\u00fcr\u00fcc\u00fcs\u00fc hayat\u0131n\u0131 kaybederken, 1 s\u00fcr\u00fcc\u00fc de yaraland\u0131.<br \/>\n<br \/>Kaza, saat 16.30 s\u0131ralar\u0131nda \u0130zmir-\u00c7anakkale yolu Camiikebir Mahallesi mevkiinde meydana geldi. Alia\u011fa istikametine seyreden Mustafa G\u00fczel (55) idaresindeki 35 HD 4783 plakal\u0131 t\u0131r, s\u00fcr\u00fcc\u00fcs\u00fcn\u00fcn direksiyon hakimiyetini kaybetmesi sonucu kar\u015f\u0131 \u015feride ge\u00e7ti. T\u0131r, Menemen istikametine seyir halinde olan M.M. idaresindeki  20 ALP 575 plakal\u0131 t\u0131ra, \u0130.K. idaresindeki 35 BNU 052 plakal\u0131 kamyonete ve ard\u0131ndan S.K. idaresindeki 35 RP 316 plakal\u0131 t\u0131ra \u00e7arparak durdu. Kazay\u0131 g\u00f6renlerin ihbar\u0131 \u00fczerine olay yerine polis ve sa\u011fl\u0131k ekipleri sevk edildi. Polis ekipleri yolda g\u00fcvenlik \u00f6nlemleri al\u0131rken, sa\u011fl\u0131k ekipleri taraf\u0131ndan yap\u0131lan kontrolde kar\u015f\u0131 \u015feride ge\u00e7ip 3 araca \u00e7arpan t\u0131r\u0131n s\u00fcr\u00fcc\u00fcs\u00fc Mustafa G\u00fczel\u2019in hayat\u0131n\u0131 kaybetti\u011fi belirlendi. G\u00fczel\u2019in cenazesi, savc\u0131 taraf\u0131ndan yap\u0131lan incelemenin ard\u0131ndan \u0130zmir Adli T\u0131p Kurumu morguna kald\u0131r\u0131ld\u0131. Kazaya kar\u0131\u015fan s\u00fcr\u00fcc\u00fc S.K. ise kazada hafif yaralanarak sa\u011fl\u0131k ekipleri taraf\u0131ndan hastaneye kald\u0131r\u0131ld\u0131.<\/p>\n<p>Kaza an\u0131 kamerada<br \/>\n<br \/>Meydana gelen kaza, \u00e7evredeki bir i\u015f yerinin g\u00fcvenlik kameras\u0131 taraf\u0131ndan g\u00f6r\u00fcnt\u00fclendi. G\u00f6r\u00fcnt\u00fcde bir t\u0131r\u0131n kar\u015f\u0131 \u015feride ge\u00e7ti\u011fi, arkas\u0131ndan \u00e7arpan t\u0131r\u0131n da dengesini kaybedip \u015farampole yuvarlanarak devrildi\u011fi anlar yer ald\u0131. Kaza ile ilgili ba\u015flat\u0131lan soru\u015fturma s\u00fcr\u00fcyor.<br \/><\/p>\n","protected":false},"excerpt":{"rendered":"<p>\u0130zmir\u2019in Menemen il\u00e7esinde s\u00fcr\u00fcc\u00fcs\u00fcn\u00fcn direksiyon hakimiyetini kaybetti\u011fi t\u0131r, kar\u015f\u0131 \u015feride ge\u00e7erek \u00fc\u00e7 araca \u00e7arpt\u0131. Kazada t\u0131r s\u00fcr\u00fcc\u00fcs\u00fc hayat\u0131n\u0131 kaybederken, 1 s\u00fcr\u00fcc\u00fc de yaraland\u0131. Kaza, saat 16.30 s\u0131ralar\u0131nda \u0130zmir-\u00c7anakkale yolu Camiikebir Mahallesi mevkiinde meydana geldi. Alia\u011fa istikametine seyreden Mustafa G\u00fczel (55) idaresindeki 35 HD 4783 plakal\u0131 t\u0131r, s\u00fcr\u00fcc\u00fcs\u00fcn\u00fcn direksiyon hakimiyetini kaybetmesi sonucu kar\u015f\u0131 \u015feride ge\u00e7ti. T\u0131r,&#8230;<\/p>\n","protected":false},"author":1,"featured_media":19794,"comment_status":"open","ping_status":"open","sticky":false,"template":"","format":"standard","meta":{"_crdt_document":"","footnotes":""},"categories":[5],"tags":[],"class_list":["post-19793","post","type-post","status-publish","format-standard","has-post-thumbnail","hentry","category-asayis"],"_links":{"self":[{"href":"https:\/\/www.egemtv.com\/index.php?rest_route=\/wp\/v2\/posts\/19793","targetHints":{"allow":["GET"]}}],"collection":[{"href":"https:\/\/www.egemtv.com\/index.php?rest_route=\/wp\/v2\/posts"}],"about":[{"href":"https:\/\/www.egemtv.com\/index.php?rest_route=\/wp\/v2\/types\/post"}],"author":[{"embeddable":true,"href":"https:\/\/www.egemtv.com\/index.php?rest_route=\/wp\/v2\/users\/1"}],"replies":[{"embeddable":true,"href":"https:\/\/www.egemtv.com\/index.php?rest_route=%2Fwp%2Fv2%2Fcomments&post=19793"}],"version-history":[{"count":1,"href":"https:\/\/www.egemtv.com\/index.php?rest_route=\/wp\/v2\/posts\/19793\/revisions"}],"predecessor-version":[{"id":19795,"href":"https:\/\/www.egemtv.com\/index.php?rest_route=\/wp\/v2\/posts\/19793\/revisions\/19795"}],"wp:featuredmedia":[{"embeddable":true,"href":"https:\/\/www.egemtv.com\/index.php?rest_route=\/wp\/v2\/media\/19794"}],"wp:attachment":[{"href":"https:\/\/www.egemtv.com\/index.php?rest_route=%2Fwp%2Fv2%2Fmedia&parent=19793"}],"wp:term":[{"taxonomy":"category","embeddable":true,"href":"https:\/\/www.egemtv.com\/index.php?rest_route=%2Fwp%2Fv2%2Fcategories&post=19793"},{"taxonomy":"post_tag","embeddable":true,"href":"https:\/\/www.egemtv.com\/index.php?rest_route=%2Fwp%2Fv2%2Ftags&post=19793"}],"curies":[{"name":"wp","href":"https:\/\/api.w.org\/{rel}","templated":true}]}}