{"id":19787,"date":"2025-02-17T19:42:43","date_gmt":"2025-02-17T16:42:43","guid":{"rendered":"https:\/\/www.egemtv.com\/?p=19787"},"modified":"2025-02-17T19:42:45","modified_gmt":"2025-02-17T16:42:45","slug":"germencikte-otomobil-motosiklete-carpti-1-yarali","status":"publish","type":"post","link":"https:\/\/www.egemtv.com\/?p=19787","title":{"rendered":"Germencik\u2019te otomobil motosiklete \u00e7arpt\u0131: 1 yaral\u0131"},"content":{"rendered":"<p>Ayd\u0131n\u2019\u0131n Germencik il\u00e7esinde iddiaya g\u00f6re k\u0131rm\u0131z\u0131 \u0131\u015f\u0131kta duramayan bir otomobil, motosiklete \u00e7arparken, kazada bir ki\u015fiyaraland\u0131.<\/p>\n<p>Germencik il\u00e7esine ba\u011fl\u0131 Ne\u015fetiye Mahallesi\u2019nin giri\u015finde kaza meydana geldi. Hen\u00fcz bilinmeyen bir nedenle, k\u0131rm\u0131z\u0131 \u0131\u015f\u0131kta duramayan bir otomobil motosiklete \u00e7arpt\u0131. 09 D 6237 plakal\u0131 otomobilin \u00e7arpmas\u0131 sonucu yola savrulan motosiklet s\u00fcr\u00fcc\u00fcs\u00fc Murat Y. yaraland\u0131. Kazan\u0131n ard\u0131ndan olay yerine sa\u011fl\u0131k ekipleri sevk edildi ve yaral\u0131 s\u00fcr\u00fcc\u00fc hastaneye kald\u0131r\u0131ld\u0131.<\/p>\n<p>Olayla ilgili soru\u015fturman\u0131n devam etti\u011fi \u00f6\u011frenildi.<br \/><\/p>\n","protected":false},"excerpt":{"rendered":"<p>Ayd\u0131n\u2019\u0131n Germencik il\u00e7esinde iddiaya g\u00f6re k\u0131rm\u0131z\u0131 \u0131\u015f\u0131kta duramayan bir otomobil, motosiklete \u00e7arparken, kazada bir ki\u015fiyaraland\u0131. Germencik il\u00e7esine ba\u011fl\u0131 Ne\u015fetiye Mahallesi\u2019nin giri\u015finde kaza meydana geldi. Hen\u00fcz bilinmeyen bir nedenle, k\u0131rm\u0131z\u0131 \u0131\u015f\u0131kta duramayan bir otomobil motosiklete \u00e7arpt\u0131. 09 D 6237 plakal\u0131 otomobilin \u00e7arpmas\u0131 sonucu yola savrulan motosiklet s\u00fcr\u00fcc\u00fcs\u00fc Murat Y. yaraland\u0131. Kazan\u0131n ard\u0131ndan olay yerine sa\u011fl\u0131k ekipleri&#8230;<\/p>\n","protected":false},"author":1,"featured_media":19788,"comment_status":"open","ping_status":"open","sticky":false,"template":"","format":"standard","meta":{"_crdt_document":"","footnotes":""},"categories":[5],"tags":[],"class_list":["post-19787","post","type-post","status-publish","format-standard","has-post-thumbnail","hentry","category-asayis"],"_links":{"self":[{"href":"https:\/\/www.egemtv.com\/index.php?rest_route=\/wp\/v2\/posts\/19787","targetHints":{"allow":["GET"]}}],"collection":[{"href":"https:\/\/www.egemtv.com\/index.php?rest_route=\/wp\/v2\/posts"}],"about":[{"href":"https:\/\/www.egemtv.com\/index.php?rest_route=\/wp\/v2\/types\/post"}],"author":[{"embeddable":true,"href":"https:\/\/www.egemtv.com\/index.php?rest_route=\/wp\/v2\/users\/1"}],"replies":[{"embeddable":true,"href":"https:\/\/www.egemtv.com\/index.php?rest_route=%2Fwp%2Fv2%2Fcomments&post=19787"}],"version-history":[{"count":1,"href":"https:\/\/www.egemtv.com\/index.php?rest_route=\/wp\/v2\/posts\/19787\/revisions"}],"predecessor-version":[{"id":19789,"href":"https:\/\/www.egemtv.com\/index.php?rest_route=\/wp\/v2\/posts\/19787\/revisions\/19789"}],"wp:featuredmedia":[{"embeddable":true,"href":"https:\/\/www.egemtv.com\/index.php?rest_route=\/wp\/v2\/media\/19788"}],"wp:attachment":[{"href":"https:\/\/www.egemtv.com\/index.php?rest_route=%2Fwp%2Fv2%2Fmedia&parent=19787"}],"wp:term":[{"taxonomy":"category","embeddable":true,"href":"https:\/\/www.egemtv.com\/index.php?rest_route=%2Fwp%2Fv2%2Fcategories&post=19787"},{"taxonomy":"post_tag","embeddable":true,"href":"https:\/\/www.egemtv.com\/index.php?rest_route=%2Fwp%2Fv2%2Ftags&post=19787"}],"curies":[{"name":"wp","href":"https:\/\/api.w.org\/{rel}","templated":true}]}}