{"id":19784,"date":"2025-02-17T19:42:35","date_gmt":"2025-02-17T16:42:35","guid":{"rendered":"https:\/\/www.egemtv.com\/?p=19784"},"modified":"2025-02-17T19:42:43","modified_gmt":"2025-02-17T16:42:43","slug":"keriman-ebe-hayatini-kaybetti","status":"publish","type":"post","link":"https:\/\/www.egemtv.com\/?p=19784","title":{"rendered":"Keriman Ebe hayat\u0131n\u0131 kaybetti"},"content":{"rendered":"<p>Ayd\u0131n\u2019\u0131n Efeler il\u00e7esinde ya\u015fayan ve Keriman Ebe olarak tan\u0131nan 87 ya\u015f\u0131ndaki Keriman Ayhan, uzun s\u00fcredir ya\u015fad\u0131\u011f\u0131 sa\u011fl\u0131k sorunlar\u0131na ba\u011fl\u0131 olarak bug\u00fcn hayat\u0131n\u0131 kaybetti.<\/p>\n<p>Ayd\u0131n\u2019\u0131n eski ebelerinden biri olarak say\u0131s\u0131z bebe\u011fin d\u00fcnyaya gelmesine vesile olan Ayhan, halk aras\u0131nda &#8220;Keriman Ebe&#8221; olarak tan\u0131n\u0131yor ve \u00e7ok seviliyordu. Ya\u015fad\u0131\u011f\u0131 y\u0131llar boyunca say\u0131s\u0131z do\u011fumda yer alarak annelere yard\u0131mc\u0131 olan Keriman Ayhan, ayn\u0131 zamanda Ayd\u0131n\u2019da bir\u00e7ok ailenin g\u00f6nl\u00fcnde \u00f6nemli yere sahipti. Ayhan\u2019\u0131n vefat\u0131, ailesi ve sevenleri taraf\u0131ndan derin bir \u00fcz\u00fcnt\u00fcyle kar\u015f\u0131land\u0131.<br \/>\n<br \/>Cenazesi 18 \u015eubat Sal\u0131 g\u00fcn\u00fc ikindi namaz\u0131na m\u00fcteakip Efeler il\u00e7esindeki K\u0131rm\u0131z\u0131 Minareli Camii\u2019de k\u0131l\u0131nacak cenaze namaz\u0131n\u0131n ard\u0131ndan son yolculu\u011funa u\u011furlanacak.<br \/><\/p>\n","protected":false},"excerpt":{"rendered":"<p>Ayd\u0131n\u2019\u0131n Efeler il\u00e7esinde ya\u015fayan ve Keriman Ebe olarak tan\u0131nan 87 ya\u015f\u0131ndaki Keriman Ayhan, uzun s\u00fcredir ya\u015fad\u0131\u011f\u0131 sa\u011fl\u0131k sorunlar\u0131na ba\u011fl\u0131 olarak bug\u00fcn hayat\u0131n\u0131 kaybetti. Ayd\u0131n\u2019\u0131n eski ebelerinden biri olarak say\u0131s\u0131z bebe\u011fin d\u00fcnyaya gelmesine vesile olan Ayhan, halk aras\u0131nda &#8220;Keriman Ebe&#8221; olarak tan\u0131n\u0131yor ve \u00e7ok seviliyordu. Ya\u015fad\u0131\u011f\u0131 y\u0131llar boyunca say\u0131s\u0131z do\u011fumda yer alarak annelere yard\u0131mc\u0131 olan Keriman&#8230;<\/p>\n","protected":false},"author":1,"featured_media":19785,"comment_status":"open","ping_status":"open","sticky":false,"template":"","format":"standard","meta":{"_crdt_document":"","footnotes":""},"categories":[5],"tags":[],"class_list":["post-19784","post","type-post","status-publish","format-standard","has-post-thumbnail","hentry","category-asayis"],"_links":{"self":[{"href":"https:\/\/www.egemtv.com\/index.php?rest_route=\/wp\/v2\/posts\/19784","targetHints":{"allow":["GET"]}}],"collection":[{"href":"https:\/\/www.egemtv.com\/index.php?rest_route=\/wp\/v2\/posts"}],"about":[{"href":"https:\/\/www.egemtv.com\/index.php?rest_route=\/wp\/v2\/types\/post"}],"author":[{"embeddable":true,"href":"https:\/\/www.egemtv.com\/index.php?rest_route=\/wp\/v2\/users\/1"}],"replies":[{"embeddable":true,"href":"https:\/\/www.egemtv.com\/index.php?rest_route=%2Fwp%2Fv2%2Fcomments&post=19784"}],"version-history":[{"count":1,"href":"https:\/\/www.egemtv.com\/index.php?rest_route=\/wp\/v2\/posts\/19784\/revisions"}],"predecessor-version":[{"id":19786,"href":"https:\/\/www.egemtv.com\/index.php?rest_route=\/wp\/v2\/posts\/19784\/revisions\/19786"}],"wp:featuredmedia":[{"embeddable":true,"href":"https:\/\/www.egemtv.com\/index.php?rest_route=\/wp\/v2\/media\/19785"}],"wp:attachment":[{"href":"https:\/\/www.egemtv.com\/index.php?rest_route=%2Fwp%2Fv2%2Fmedia&parent=19784"}],"wp:term":[{"taxonomy":"category","embeddable":true,"href":"https:\/\/www.egemtv.com\/index.php?rest_route=%2Fwp%2Fv2%2Fcategories&post=19784"},{"taxonomy":"post_tag","embeddable":true,"href":"https:\/\/www.egemtv.com\/index.php?rest_route=%2Fwp%2Fv2%2Ftags&post=19784"}],"curies":[{"name":"wp","href":"https:\/\/api.w.org\/{rel}","templated":true}]}}