{"id":19781,"date":"2025-02-17T19:19:13","date_gmt":"2025-02-17T16:19:13","guid":{"rendered":"https:\/\/www.egemtv.com\/?p=19781"},"modified":"2025-02-17T19:19:18","modified_gmt":"2025-02-17T16:19:18","slug":"efeler-belediyesinden-etkinlik-aciklamasi","status":"publish","type":"post","link":"https:\/\/www.egemtv.com\/?p=19781","title":{"rendered":"Efeler Belediyesi\u2019nden \u2019etkinlik\u2019 a\u00e7\u0131klamas\u0131"},"content":{"rendered":"<p>Sevgililer G\u00fcn\u00fc\u2019nde d\u00fczenlenen etkinlik ile ilgili Efeler Belediyesi\u2019nden yap\u0131lan a\u00e7\u0131klamada &#8220;Belediyemiz, etkinlik i\u00e7in herhangi bir mali y\u00fck\u00fcml\u00fcl\u00fck alt\u0131na girmemi\u015ftir. Sahne kurulumu, ses sistemi dahil t\u00fcm teknik materyaller belediyemiz b\u00fcnyesinde yer almaktad\u0131r&#8221; denildi.<\/p>\n<p>Efeler Belediyesi, 14 \u015eubat Sevgililer G\u00fcn\u00fc\u2019nde ger\u00e7ekle\u015ftirdi\u011fi etkinlik ile ilgili \u00e7\u0131kan &#8220;Konserlere para harcan\u0131yor, i\u015f\u00e7ilerin primleri \u00f6denmiyor&#8221; iddialara y\u00f6nelik a\u00e7\u0131klama yapt\u0131. Ortaya at\u0131lan iddialar\u0131n ger\u00e7e\u011fi yans\u0131tmad\u0131\u011f\u0131na dikkat \u00e7ekilen a\u00e7\u0131klamada, etkinlik kapsam\u0131nda belediyenin hi\u00e7 bir mali y\u00fck\u00fcml\u00fcl\u00fck alt\u0131na girmedi\u011fi belirtildi. Konu ile ilgili Efeler Belediyesi\u2019nden yap\u0131lan a\u00e7\u0131klamada &#8220;14 \u015eubat Sevgililer G\u00fcn\u00fc\u2019nde Sevgi Yolu\u2019nda d\u00fczenledi\u011fimiz etkinlikte, baz\u0131 \u00e7evrelerce \u2019konserlere para harcan\u0131yor, i\u015f\u00e7ilerin primleri \u00f6denmiyor\u2019 \u015feklinde bir alg\u0131 olu\u015fturulmaya \u00e7al\u0131\u015f\u0131ld\u0131\u011f\u0131n\u0131 \u00fcz\u00fclerek g\u00f6rmekteyiz. Bu t\u00fcr as\u0131ls\u0131z iddialara kar\u015f\u0131 kamuoyunu do\u011fru bilgilendirme gere\u011fi do\u011fmu\u015ftur. \u00d6ncelikle, 14 \u015eubat\u2019ta sahne alan Efeler Kent Orkestras\u0131, belediyemiz \u00e7at\u0131s\u0131 alt\u0131nda uzun y\u0131llard\u0131r hizmet veren, kadrosu kendi belediye personelimizden olu\u015fan bir orkestrad\u0131r. Belediyemiz, etkinlik i\u00e7in herhangi bir mali y\u00fck\u00fcml\u00fcl\u00fck alt\u0131na girmemi\u015ftir. Sahne kurulumu, ses sistemi d\u00e2hil t\u00fcm teknik materyaller belediyemiz b\u00fcnyesinde yer almaktad\u0131r. \u00c7e\u015fitli etkinliklerde defalarca kez kullan\u0131lm\u0131\u015ft\u0131r. Sat\u0131n alma ve kiralama y\u00f6ntemine ba\u015fvurulmam\u0131\u015ft\u0131r. Belediyemizin bundan \u00f6nceki d\u00fczenlemi\u015f oldu\u011fu k\u00fclt\u00fcr sanat etkinliklerinde oldu\u011fu gibi bahse konu etkinlikte de belediyemiz tek bir kuru\u015f mali y\u00fck alt\u0131na sokulmam\u0131\u015ft\u0131r. \u00dclkemiz, ekonomik politikalar nedeniyle zor g\u00fcnler ge\u00e7irmektedir. Vatanda\u015flar\u0131m\u0131z, temel ihtiya\u00e7lar\u0131n\u0131n yan\u0131nda k\u00fclt\u00fcr ve sanat faaliyetlerine de ihtiya\u00e7 duymaktad\u0131r. Bu t\u00fcr etkinlikler sayesinde sosyalle\u015febilmekte ve \u00fccretsiz olarak renkli etkinliklere kat\u0131labilmektedir. Belediyemiz, t\u00fcm k\u0131s\u0131tlamalara ra\u011fmen vatanda\u015flar\u0131m\u0131z\u0131n  t\u00fcm ihtiya\u00e7lar\u0131n\u0131 kar\u015f\u0131lamak i\u00e7in \u00e7al\u0131\u015fmalar\u0131n\u0131 eksiksiz \u015fekilde s\u00fcrd\u00fcrmektedir. Bir kez daha tekrar etmek isteriz ki, belediyemizin mali kaynaklar\u0131, halk\u0131m\u0131z\u0131n en iyi \u015fekilde hizmet alabilmesi i\u00e7in kullan\u0131lmaktad\u0131r. S\u00f6z konusu alg\u0131 olu\u015fturma \u00e7abalar\u0131n\u0131 besleyen haberlere itibar edilmemesini ve as\u0131ls\u0131z iddialar\u0131n do\u011fru olmad\u0131\u011f\u0131n\u0131 kamuoyunun bilgisine sunar\u0131z&#8221; ifadeleri yer ald\u0131.<br \/><\/p>\n","protected":false},"excerpt":{"rendered":"<p>Sevgililer G\u00fcn\u00fc\u2019nde d\u00fczenlenen etkinlik ile ilgili Efeler Belediyesi\u2019nden yap\u0131lan a\u00e7\u0131klamada &#8220;Belediyemiz, etkinlik i\u00e7in herhangi bir mali y\u00fck\u00fcml\u00fcl\u00fck alt\u0131na girmemi\u015ftir. Sahne kurulumu, ses sistemi dahil t\u00fcm teknik materyaller belediyemiz b\u00fcnyesinde yer almaktad\u0131r&#8221; denildi. Efeler Belediyesi, 14 \u015eubat Sevgililer G\u00fcn\u00fc\u2019nde ger\u00e7ekle\u015ftirdi\u011fi etkinlik ile ilgili \u00e7\u0131kan &#8220;Konserlere para harcan\u0131yor, i\u015f\u00e7ilerin primleri \u00f6denmiyor&#8221; iddialara y\u00f6nelik a\u00e7\u0131klama yapt\u0131. Ortaya at\u0131lan&#8230;<\/p>\n","protected":false},"author":1,"featured_media":19782,"comment_status":"open","ping_status":"open","sticky":false,"template":"","format":"standard","meta":{"_crdt_document":"","footnotes":""},"categories":[1],"tags":[],"class_list":["post-19781","post","type-post","status-publish","format-standard","has-post-thumbnail","hentry","category-guncel"],"_links":{"self":[{"href":"https:\/\/www.egemtv.com\/index.php?rest_route=\/wp\/v2\/posts\/19781","targetHints":{"allow":["GET"]}}],"collection":[{"href":"https:\/\/www.egemtv.com\/index.php?rest_route=\/wp\/v2\/posts"}],"about":[{"href":"https:\/\/www.egemtv.com\/index.php?rest_route=\/wp\/v2\/types\/post"}],"author":[{"embeddable":true,"href":"https:\/\/www.egemtv.com\/index.php?rest_route=\/wp\/v2\/users\/1"}],"replies":[{"embeddable":true,"href":"https:\/\/www.egemtv.com\/index.php?rest_route=%2Fwp%2Fv2%2Fcomments&post=19781"}],"version-history":[{"count":1,"href":"https:\/\/www.egemtv.com\/index.php?rest_route=\/wp\/v2\/posts\/19781\/revisions"}],"predecessor-version":[{"id":19783,"href":"https:\/\/www.egemtv.com\/index.php?rest_route=\/wp\/v2\/posts\/19781\/revisions\/19783"}],"wp:featuredmedia":[{"embeddable":true,"href":"https:\/\/www.egemtv.com\/index.php?rest_route=\/wp\/v2\/media\/19782"}],"wp:attachment":[{"href":"https:\/\/www.egemtv.com\/index.php?rest_route=%2Fwp%2Fv2%2Fmedia&parent=19781"}],"wp:term":[{"taxonomy":"category","embeddable":true,"href":"https:\/\/www.egemtv.com\/index.php?rest_route=%2Fwp%2Fv2%2Fcategories&post=19781"},{"taxonomy":"post_tag","embeddable":true,"href":"https:\/\/www.egemtv.com\/index.php?rest_route=%2Fwp%2Fv2%2Ftags&post=19781"}],"curies":[{"name":"wp","href":"https:\/\/api.w.org\/{rel}","templated":true}]}}