{"id":19778,"date":"2025-02-17T18:15:08","date_gmt":"2025-02-17T15:15:08","guid":{"rendered":"https:\/\/www.egemtv.com\/?p=19778"},"modified":"2025-02-17T18:15:14","modified_gmt":"2025-02-17T15:15:14","slug":"yunusemre-belediyesi-melek-gokmenin-ismini-manisada-yasatacak","status":"publish","type":"post","link":"https:\/\/www.egemtv.com\/?p=19778","title":{"rendered":"Yunusemre Belediyesi Melek G\u00f6kmen\u2019in ismini Manisa\u2019da ya\u015fatacak"},"content":{"rendered":"<p>Yunusemre Belediyesi, Medeni Kanunun kabul edili\u015finin 99. y\u0131l\u0131nda Mare\u015fal Fevzi \u00c7akmak Kad\u0131n Dayan\u0131\u015fma ve E\u011fitim Merkezi\u2019ne Manisa ve T\u00fcrkiye\u2019de kad\u0131n hareketinin \u00f6nemli isimlerinden biri olan Melek G\u00f6kmen\u2019in ismini verdi.<br \/>\n<br \/>Yunusemre Belediyesi, Medeni Kanun\u2019un kabul edili\u015finin 99. y\u0131l\u0131 dolay\u0131s\u0131yla anlaml\u0131 bir ad\u0131m att\u0131. T\u00fcrkiye\u2019de kad\u0131n hareketinin \u00f6nc\u00fc isimlerinden biri olan Melek G\u00f6kmen\u2019in ad\u0131, Mare\u015fal Fevzi \u00c7akmak Kad\u0131n Dayan\u0131\u015fma ve E\u011fitim Merkezi\u2019ne verildi. Merkezin isminin de\u011fi\u015ftirilmesi dolay\u0131s\u0131yla d\u00fczenlenen t\u00f6rene, Yunusemre Belediye Ba\u015fkan\u0131 Semih Balaban E\u015fi Serap Balaban, Melek G\u00f6kmen\u2019in torunu Prof. Dr. Fatmag\u00fcl Berktay, Belediye Ba\u015fkan Yard\u0131mc\u0131lar\u0131ndan Emine \u00d6zge Arslan ile Hakan G\u00fcrtunca, m\u00fcd\u00fcrler, sivil toplum kurulu\u015fu temsilcileri, belediye meclis \u00fcyeleri, kursiyerler ve \u00e7ok say\u0131da vatanda\u015f kat\u0131ld\u0131.<br \/>\n<br \/>T\u00f6rende konu\u015fan Yunusemre Belediye Ba\u015fkan\u0131 Semih Balaban, bu etkinli\u011fin tarihi bir anlam ta\u015f\u0131d\u0131\u011f\u0131n\u0131 belirterek \u015funlar\u0131 s\u00f6yledi: &#8220;\u0130simlerini vererek onlar\u0131 sayg\u0131yla anmak ad\u0131na b\u00f6yle bir etkinlik ba\u015flatt\u0131k ve ilk ad\u0131m\u0131 da Mare\u015fal Fevzi \u00c7akmak Mahallesi\u2019ndeki de\u011ferli dostlar\u0131m\u0131zla birlikte atmaya karar verdik. B\u00f6ylece hep birlikte olman\u0131n onurunu ya\u015f\u0131yoruz. Melek G\u00f6kmen kimdir dersek; kendisi Manisa Kad\u0131nlar Cemiyeti\u2019nin kurucu ba\u015fkan\u0131d\u0131r ve ayn\u0131 zamanda Kuv\u00e2y\u0131 Milliye\u2019nin Manisa\u2019daki \u00f6rg\u00fctlenmesinde aktif rol \u00fcstlenmi\u015ftir. Emperyalist i\u015fgale kar\u015f\u0131 Kurtulu\u015f Sava\u015f\u0131\u2019n\u0131 destekleyen \u00f6nemli bir kad\u0131n kanaat \u00f6nderidir. Cumhuriyetle birlikte Yard\u0131mseverler Derne\u011fi ve Halkevi ba\u015fkanl\u0131\u011f\u0131 gibi \u00f6nemli g\u00f6revler \u00fcstlenmi\u015f ve yakla\u015f\u0131k bir as\u0131r \u00f6nce Manisa\u2019da kad\u0131n m\u00fccadelesinin temel ta\u015flar\u0131n\u0131 d\u00f6\u015femi\u015ftir.&#8221;<br \/>\n<br \/>Ba\u015fkan Balaban ayr\u0131ca, Melek G\u00f6kmen\u2019in torunu Prof. Dr. Fatmag\u00fcl Berktay\u2019\u0131n da kad\u0131n haklar\u0131 ve kad\u0131n hareketi konusunda \u00f6nemli bir teorisyen ve aktivist oldu\u011funu belirterek, onun anneannesinin ad\u0131n\u0131 ta\u015f\u0131yan bir merkezin a\u00e7\u0131l\u0131\u015f\u0131na kat\u0131lmas\u0131n\u0131n kendileri i\u00e7in b\u00fcy\u00fck bir onur oldu\u011funu ifade etti. Belediye Ba\u015fkan\u0131 Balaban, Berktay\u2019\u0131n sadece teorik olarak de\u011fil, aktif m\u00fccadeleyle de kad\u0131n haklar\u0131 konusunda \u00f6nemli katk\u0131lar sundu\u011funu, toplumsal haklar i\u00e7in verdi\u011fi m\u00fccadele nedeniyle cezaevinde dahi kald\u0131\u011f\u0131n\u0131 vurgulad\u0131.<br \/>\n<br \/>Prof. Dr. Fatmag\u00fcl Berktay ise yapt\u0131\u011f\u0131 konu\u015fmada, anneannesinin isminin b\u00f6yle \u00f6nemli bir merkeze verilmesinin kendisi i\u00e7in son derece duygusal ve gurur verici oldu\u011funu belirterek, Yunusemre Belediyesi\u2019ne te\u015fekk\u00fcr etti. T\u00f6ren, konu\u015fmalar\u0131n ard\u0131ndan merkezin yeni isminin yer ald\u0131\u011f\u0131 tabelan\u0131n a\u00e7\u0131l\u0131\u015f\u0131 ile sona erdi.<br \/><\/p>\n","protected":false},"excerpt":{"rendered":"<p>Yunusemre Belediyesi, Medeni Kanunun kabul edili\u015finin 99. y\u0131l\u0131nda Mare\u015fal Fevzi \u00c7akmak Kad\u0131n Dayan\u0131\u015fma ve E\u011fitim Merkezi\u2019ne Manisa ve T\u00fcrkiye\u2019de kad\u0131n hareketinin \u00f6nemli isimlerinden biri olan Melek G\u00f6kmen\u2019in ismini verdi. Yunusemre Belediyesi, Medeni Kanun\u2019un kabul edili\u015finin 99. y\u0131l\u0131 dolay\u0131s\u0131yla anlaml\u0131 bir ad\u0131m att\u0131. T\u00fcrkiye\u2019de kad\u0131n hareketinin \u00f6nc\u00fc isimlerinden biri olan Melek G\u00f6kmen\u2019in ad\u0131, Mare\u015fal Fevzi \u00c7akmak&#8230;<\/p>\n","protected":false},"author":1,"featured_media":19779,"comment_status":"open","ping_status":"open","sticky":false,"template":"","format":"standard","meta":{"_crdt_document":"","footnotes":""},"categories":[123],"tags":[],"class_list":["post-19778","post","type-post","status-publish","format-standard","has-post-thumbnail","hentry","category-gundem"],"_links":{"self":[{"href":"https:\/\/www.egemtv.com\/index.php?rest_route=\/wp\/v2\/posts\/19778","targetHints":{"allow":["GET"]}}],"collection":[{"href":"https:\/\/www.egemtv.com\/index.php?rest_route=\/wp\/v2\/posts"}],"about":[{"href":"https:\/\/www.egemtv.com\/index.php?rest_route=\/wp\/v2\/types\/post"}],"author":[{"embeddable":true,"href":"https:\/\/www.egemtv.com\/index.php?rest_route=\/wp\/v2\/users\/1"}],"replies":[{"embeddable":true,"href":"https:\/\/www.egemtv.com\/index.php?rest_route=%2Fwp%2Fv2%2Fcomments&post=19778"}],"version-history":[{"count":1,"href":"https:\/\/www.egemtv.com\/index.php?rest_route=\/wp\/v2\/posts\/19778\/revisions"}],"predecessor-version":[{"id":19780,"href":"https:\/\/www.egemtv.com\/index.php?rest_route=\/wp\/v2\/posts\/19778\/revisions\/19780"}],"wp:featuredmedia":[{"embeddable":true,"href":"https:\/\/www.egemtv.com\/index.php?rest_route=\/wp\/v2\/media\/19779"}],"wp:attachment":[{"href":"https:\/\/www.egemtv.com\/index.php?rest_route=%2Fwp%2Fv2%2Fmedia&parent=19778"}],"wp:term":[{"taxonomy":"category","embeddable":true,"href":"https:\/\/www.egemtv.com\/index.php?rest_route=%2Fwp%2Fv2%2Fcategories&post=19778"},{"taxonomy":"post_tag","embeddable":true,"href":"https:\/\/www.egemtv.com\/index.php?rest_route=%2Fwp%2Fv2%2Ftags&post=19778"}],"curies":[{"name":"wp","href":"https:\/\/api.w.org\/{rel}","templated":true}]}}