{"id":19775,"date":"2025-02-17T17:52:15","date_gmt":"2025-02-17T14:52:15","guid":{"rendered":"https:\/\/www.egemtv.com\/?p=19775"},"modified":"2025-02-17T17:52:17","modified_gmt":"2025-02-17T14:52:17","slug":"izmirde-silahla-yaralama-suphelisi-tutuklandi","status":"publish","type":"post","link":"https:\/\/www.egemtv.com\/?p=19775","title":{"rendered":"\u0130zmir\u2019de silahla yaralama \u015f\u00fcphelisi tutukland\u0131"},"content":{"rendered":"<p>\u0130zmir\u2019de silahla yaralama olay\u0131na kar\u0131\u015fan \u015f\u00fcpheli \u015fah\u0131s polis ekiplerince yap\u0131lan operasyonda yakaland\u0131.<br \/>\n<br \/>Edinilen bilgiye g\u00f6re, 16 \u015eubat Pazar g\u00fcn\u00fc Menemen il\u00e7esinde \u0130smet \u0130n\u00f6n\u00fc Mahallesi\u2019nde silahla yaralama olay\u0131 meydana geldi. Olay\u0131n ard\u0131ndan Menemen \u0130l\u00e7e Emniyet M\u00fcd\u00fcrl\u00fc\u011f\u00fc ekiplerince ba\u015flat\u0131lan soru\u015fturmada silahl\u0131 sald\u0131r\u0131n\u0131n \u015f\u00fcphelisi A.G. isimli \u015fah\u0131s su\u00e7 aletiyle birlikte yap\u0131lan ba\u015far\u0131l\u0131 operasyonla k\u0131sk\u0131vrak yakaland\u0131. G\u00f6zalt\u0131na al\u0131nan \u015f\u00fcpheli \u015fah\u0131s emniyetteki i\u015flemlerinin ard\u0131ndan \u00e7\u0131kar\u0131ld\u0131\u011f\u0131 mahkemece tutuklanarak cezaevine g\u00f6nderildi.<br \/><\/p>\n","protected":false},"excerpt":{"rendered":"<p>\u0130zmir\u2019de silahla yaralama olay\u0131na kar\u0131\u015fan \u015f\u00fcpheli \u015fah\u0131s polis ekiplerince yap\u0131lan operasyonda yakaland\u0131. Edinilen bilgiye g\u00f6re, 16 \u015eubat Pazar g\u00fcn\u00fc Menemen il\u00e7esinde \u0130smet \u0130n\u00f6n\u00fc Mahallesi\u2019nde silahla yaralama olay\u0131 meydana geldi. Olay\u0131n ard\u0131ndan Menemen \u0130l\u00e7e Emniyet M\u00fcd\u00fcrl\u00fc\u011f\u00fc ekiplerince ba\u015flat\u0131lan soru\u015fturmada silahl\u0131 sald\u0131r\u0131n\u0131n \u015f\u00fcphelisi A.G. isimli \u015fah\u0131s su\u00e7 aletiyle birlikte yap\u0131lan ba\u015far\u0131l\u0131 operasyonla k\u0131sk\u0131vrak yakaland\u0131. G\u00f6zalt\u0131na al\u0131nan \u015f\u00fcpheli&#8230;<\/p>\n","protected":false},"author":1,"featured_media":19776,"comment_status":"open","ping_status":"open","sticky":false,"template":"","format":"standard","meta":{"_crdt_document":"","footnotes":""},"categories":[5],"tags":[],"class_list":["post-19775","post","type-post","status-publish","format-standard","has-post-thumbnail","hentry","category-asayis"],"_links":{"self":[{"href":"https:\/\/www.egemtv.com\/index.php?rest_route=\/wp\/v2\/posts\/19775","targetHints":{"allow":["GET"]}}],"collection":[{"href":"https:\/\/www.egemtv.com\/index.php?rest_route=\/wp\/v2\/posts"}],"about":[{"href":"https:\/\/www.egemtv.com\/index.php?rest_route=\/wp\/v2\/types\/post"}],"author":[{"embeddable":true,"href":"https:\/\/www.egemtv.com\/index.php?rest_route=\/wp\/v2\/users\/1"}],"replies":[{"embeddable":true,"href":"https:\/\/www.egemtv.com\/index.php?rest_route=%2Fwp%2Fv2%2Fcomments&post=19775"}],"version-history":[{"count":1,"href":"https:\/\/www.egemtv.com\/index.php?rest_route=\/wp\/v2\/posts\/19775\/revisions"}],"predecessor-version":[{"id":19777,"href":"https:\/\/www.egemtv.com\/index.php?rest_route=\/wp\/v2\/posts\/19775\/revisions\/19777"}],"wp:featuredmedia":[{"embeddable":true,"href":"https:\/\/www.egemtv.com\/index.php?rest_route=\/wp\/v2\/media\/19776"}],"wp:attachment":[{"href":"https:\/\/www.egemtv.com\/index.php?rest_route=%2Fwp%2Fv2%2Fmedia&parent=19775"}],"wp:term":[{"taxonomy":"category","embeddable":true,"href":"https:\/\/www.egemtv.com\/index.php?rest_route=%2Fwp%2Fv2%2Fcategories&post=19775"},{"taxonomy":"post_tag","embeddable":true,"href":"https:\/\/www.egemtv.com\/index.php?rest_route=%2Fwp%2Fv2%2Ftags&post=19775"}],"curies":[{"name":"wp","href":"https:\/\/api.w.org\/{rel}","templated":true}]}}