{"id":19772,"date":"2025-02-17T17:41:16","date_gmt":"2025-02-17T14:41:16","guid":{"rendered":"https:\/\/www.egemtv.com\/?p=19772"},"modified":"2025-02-17T17:41:21","modified_gmt":"2025-02-17T14:41:21","slug":"devrilen-traktorun-altinda-can-verdi","status":"publish","type":"post","link":"https:\/\/www.egemtv.com\/?p=19772","title":{"rendered":"Devrilen trakt\u00f6r\u00fcn alt\u0131nda can verdi"},"content":{"rendered":"<p>Burdur\u2019un Kemer il\u00e7esinde tarlay\u0131 s\u00fcrerken devrilen trakt\u00f6r\u00fcn alt\u0131nda kalan s\u00fcr\u00fcc\u00fc olay yerinde hayat\u0131n\u0131 kaybetti.<br \/>\n<br \/>Olay, saat 15.30 s\u0131ralar\u0131nda Kemer il\u00e7esine ba\u011fl\u0131 Ak\u00e7a\u00f6ren k\u00f6y\u00fcnde meydana geldi. Edinilen bilgilere g\u00f6re, 15 DDU 388 plakal\u0131 trakt\u00f6r\u00fcyle ba\u015fkas\u0131na ait tarlay\u0131 s\u00fcren \u015eeref Deniz (61) yoku\u015f a\u015fa\u011f\u0131 kay\u0131p devrilen arac\u0131n alt\u0131nda kalarak a\u011f\u0131r yaraland\u0131. Tarla sahibinin 112 Acil \u00c7a\u011fr\u0131 Merkezine ihbar\u0131 \u00fczerine olay yerine sa\u011fl\u0131k, jandarma ve polis ekipleri sevk edildi. Sa\u011fl\u0131k ekiplerinin yapt\u0131\u011f\u0131 kontrollerde Deniz\u2019in hayat\u0131n\u0131 kaybetti belirlendi. Olay yerinde yap\u0131lan incelemeler sonras\u0131 Deniz\u2019in cenazesi otopsi i\u00e7in Burdur Devlet Hastanesi morguna kald\u0131r\u0131ld\u0131. \u00d6te yandan olay\u0131 g\u00f6ren tarla sahibi ifadesi al\u0131nmak \u00fczere karakola g\u00f6t\u00fcr\u00fcld\u00fc. Olayla ilgili inceleme ba\u015flat\u0131ld\u0131.<br \/><\/p>\n","protected":false},"excerpt":{"rendered":"<p>Burdur\u2019un Kemer il\u00e7esinde tarlay\u0131 s\u00fcrerken devrilen trakt\u00f6r\u00fcn alt\u0131nda kalan s\u00fcr\u00fcc\u00fc olay yerinde hayat\u0131n\u0131 kaybetti. Olay, saat 15.30 s\u0131ralar\u0131nda Kemer il\u00e7esine ba\u011fl\u0131 Ak\u00e7a\u00f6ren k\u00f6y\u00fcnde meydana geldi. Edinilen bilgilere g\u00f6re, 15 DDU 388 plakal\u0131 trakt\u00f6r\u00fcyle ba\u015fkas\u0131na ait tarlay\u0131 s\u00fcren \u015eeref Deniz (61) yoku\u015f a\u015fa\u011f\u0131 kay\u0131p devrilen arac\u0131n alt\u0131nda kalarak a\u011f\u0131r yaraland\u0131. Tarla sahibinin 112 Acil \u00c7a\u011fr\u0131 Merkezine&#8230;<\/p>\n","protected":false},"author":1,"featured_media":19773,"comment_status":"open","ping_status":"open","sticky":false,"template":"","format":"standard","meta":{"_crdt_document":"","footnotes":""},"categories":[5],"tags":[],"class_list":["post-19772","post","type-post","status-publish","format-standard","has-post-thumbnail","hentry","category-asayis"],"_links":{"self":[{"href":"https:\/\/www.egemtv.com\/index.php?rest_route=\/wp\/v2\/posts\/19772","targetHints":{"allow":["GET"]}}],"collection":[{"href":"https:\/\/www.egemtv.com\/index.php?rest_route=\/wp\/v2\/posts"}],"about":[{"href":"https:\/\/www.egemtv.com\/index.php?rest_route=\/wp\/v2\/types\/post"}],"author":[{"embeddable":true,"href":"https:\/\/www.egemtv.com\/index.php?rest_route=\/wp\/v2\/users\/1"}],"replies":[{"embeddable":true,"href":"https:\/\/www.egemtv.com\/index.php?rest_route=%2Fwp%2Fv2%2Fcomments&post=19772"}],"version-history":[{"count":1,"href":"https:\/\/www.egemtv.com\/index.php?rest_route=\/wp\/v2\/posts\/19772\/revisions"}],"predecessor-version":[{"id":19774,"href":"https:\/\/www.egemtv.com\/index.php?rest_route=\/wp\/v2\/posts\/19772\/revisions\/19774"}],"wp:featuredmedia":[{"embeddable":true,"href":"https:\/\/www.egemtv.com\/index.php?rest_route=\/wp\/v2\/media\/19773"}],"wp:attachment":[{"href":"https:\/\/www.egemtv.com\/index.php?rest_route=%2Fwp%2Fv2%2Fmedia&parent=19772"}],"wp:term":[{"taxonomy":"category","embeddable":true,"href":"https:\/\/www.egemtv.com\/index.php?rest_route=%2Fwp%2Fv2%2Fcategories&post=19772"},{"taxonomy":"post_tag","embeddable":true,"href":"https:\/\/www.egemtv.com\/index.php?rest_route=%2Fwp%2Fv2%2Ftags&post=19772"}],"curies":[{"name":"wp","href":"https:\/\/api.w.org\/{rel}","templated":true}]}}