{"id":19769,"date":"2025-02-17T17:41:11","date_gmt":"2025-02-17T14:41:11","guid":{"rendered":"https:\/\/www.egemtv.com\/?p=19769"},"modified":"2025-02-17T17:41:16","modified_gmt":"2025-02-17T14:41:16","slug":"manisa-fkda-boluspor-hazirliklari-basladi","status":"publish","type":"post","link":"https:\/\/www.egemtv.com\/?p=19769","title":{"rendered":"Manisa FK\u2019da Boluspor haz\u0131rl\u0131klar\u0131 ba\u015flad\u0131"},"content":{"rendered":"<p>Manisa Futbol Kul\u00fcb\u00fc, Trendyol 1. Lig\u2019in 26. haftas\u0131nda 21 \u015eubat Cuma g\u00fcn\u00fc evinde oynayaca\u011f\u0131 Boluspor ma\u00e7\u0131n\u0131n haz\u0131rl\u0131klar\u0131na ba\u015flad\u0131.<br \/>\n<br \/>Teknik Direkt\u00f6r Hakan \u015eap\u00e7\u0131 y\u00f6netiminde ger\u00e7ekle\u015fen antrenman \u0131s\u0131nma hareketleriyle ba\u015flad\u0131. Antrenman pas \u00e7al\u0131\u015fmas\u0131 ve dar alan oyunlar\u0131yla sona erdi.<br \/>\n<br \/>Siyah-beyazl\u0131lar, yar\u0131n yapaca\u011f\u0131 antrenmanla Boluspor ma\u00e7\u0131n\u0131n haz\u0131rl\u0131klar\u0131n\u0131 s\u00fcrd\u00fcrecek.<br \/><\/p>\n","protected":false},"excerpt":{"rendered":"<p>Manisa Futbol Kul\u00fcb\u00fc, Trendyol 1. Lig\u2019in 26. haftas\u0131nda 21 \u015eubat Cuma g\u00fcn\u00fc evinde oynayaca\u011f\u0131 Boluspor ma\u00e7\u0131n\u0131n haz\u0131rl\u0131klar\u0131na ba\u015flad\u0131. Teknik Direkt\u00f6r Hakan \u015eap\u00e7\u0131 y\u00f6netiminde ger\u00e7ekle\u015fen antrenman \u0131s\u0131nma hareketleriyle ba\u015flad\u0131. Antrenman pas \u00e7al\u0131\u015fmas\u0131 ve dar alan oyunlar\u0131yla sona erdi. Siyah-beyazl\u0131lar, yar\u0131n yapaca\u011f\u0131 antrenmanla Boluspor ma\u00e7\u0131n\u0131n haz\u0131rl\u0131klar\u0131n\u0131 s\u00fcrd\u00fcrecek.<\/p>\n","protected":false},"author":1,"featured_media":19770,"comment_status":"open","ping_status":"open","sticky":false,"template":"","format":"standard","meta":{"_crdt_document":"","footnotes":""},"categories":[4],"tags":[],"class_list":["post-19769","post","type-post","status-publish","format-standard","has-post-thumbnail","hentry","category-spor"],"_links":{"self":[{"href":"https:\/\/www.egemtv.com\/index.php?rest_route=\/wp\/v2\/posts\/19769","targetHints":{"allow":["GET"]}}],"collection":[{"href":"https:\/\/www.egemtv.com\/index.php?rest_route=\/wp\/v2\/posts"}],"about":[{"href":"https:\/\/www.egemtv.com\/index.php?rest_route=\/wp\/v2\/types\/post"}],"author":[{"embeddable":true,"href":"https:\/\/www.egemtv.com\/index.php?rest_route=\/wp\/v2\/users\/1"}],"replies":[{"embeddable":true,"href":"https:\/\/www.egemtv.com\/index.php?rest_route=%2Fwp%2Fv2%2Fcomments&post=19769"}],"version-history":[{"count":1,"href":"https:\/\/www.egemtv.com\/index.php?rest_route=\/wp\/v2\/posts\/19769\/revisions"}],"predecessor-version":[{"id":19771,"href":"https:\/\/www.egemtv.com\/index.php?rest_route=\/wp\/v2\/posts\/19769\/revisions\/19771"}],"wp:featuredmedia":[{"embeddable":true,"href":"https:\/\/www.egemtv.com\/index.php?rest_route=\/wp\/v2\/media\/19770"}],"wp:attachment":[{"href":"https:\/\/www.egemtv.com\/index.php?rest_route=%2Fwp%2Fv2%2Fmedia&parent=19769"}],"wp:term":[{"taxonomy":"category","embeddable":true,"href":"https:\/\/www.egemtv.com\/index.php?rest_route=%2Fwp%2Fv2%2Fcategories&post=19769"},{"taxonomy":"post_tag","embeddable":true,"href":"https:\/\/www.egemtv.com\/index.php?rest_route=%2Fwp%2Fv2%2Ftags&post=19769"}],"curies":[{"name":"wp","href":"https:\/\/api.w.org\/{rel}","templated":true}]}}