{"id":19766,"date":"2025-02-17T17:34:19","date_gmt":"2025-02-17T14:34:19","guid":{"rendered":"https:\/\/www.egemtv.com\/?p=19766"},"modified":"2025-02-17T17:34:23","modified_gmt":"2025-02-17T14:34:23","slug":"kutahyada-sporculara-malzeme-destegi-dagitildi","status":"publish","type":"post","link":"https:\/\/www.egemtv.com\/?p=19766","title":{"rendered":"K\u00fctahya\u2019da sporculara malzeme deste\u011fi da\u011f\u0131t\u0131ld\u0131"},"content":{"rendered":"<p>K\u00fctahya Gen\u00e7lik ve Spor \u0130l M\u00fcd\u00fcrl\u00fc\u011f\u00fc taraf\u0131ndan d\u00fczenlenen spor malzemesi da\u011f\u0131t\u0131m etkinli\u011fi, Dumlup\u0131nar Spor Salonu\u2019nda ger\u00e7ekle\u015ftirildi.<br \/>\n<br \/>\u2019Spor Yap\u0131n, Fark\u0131n\u0131z Olsun\u2019 slogan\u0131yla yap\u0131lan etkinli\u011fe K\u00fctahya Valisi Musa I\u015f\u0131n, AK Parti K\u00fctahya Milletvekilleri Adil Bi\u00e7er, \u0130smail \u00c7a\u011flar Bay\u0131rc\u0131 ve Mehmet Demir, kent protokol\u00fc ve milli at\u0131c\u0131 Yusuf Dike\u00e7 kat\u0131ld\u0131. Program, sayg\u0131 duru\u015fu ve \u0130stiklal Mar\u015f\u0131\u2019n\u0131n okunmas\u0131yla ba\u015flad\u0131. A\u00e7\u0131l\u0131\u015f konu\u015fmalar\u0131nda Gen\u00e7lik ve Spor \u0130l M\u00fcd\u00fcr\u00fc B\u00fclent K\u00fc\u00e7\u00fck, \u0130l Milli E\u011fitim M\u00fcd\u00fcr\u00fc Mustafa Y\u0131lmaz, milli at\u0131c\u0131 Yusuf Dike\u00e7 ve milletvekili \u0130smail \u00c7a\u011flar Bay\u0131rc\u0131 sporun \u00f6nemine dikkat \u00e7ekti.<\/p>\n<p>&#8220;Her mahallede spor alan\u0131 olmas\u0131n\u0131 hedefliyoruz&#8221;<br \/>\n<br \/>K\u00fctahya Valisi Musa I\u015f\u0131n, konu\u015fmas\u0131nda sporun yayg\u0131nla\u015ft\u0131r\u0131lmas\u0131 i\u00e7in yap\u0131lan \u00e7al\u0131\u015fmalara de\u011finerek, &#8220;Ge\u00e7ti\u011fimiz hafta bir ba\u015fka spor etkinli\u011finde malzeme deste\u011fi sa\u011flam\u0131\u015ft\u0131k. Bug\u00fcn de okullar\u0131m\u0131za spor malzemeleri da\u011f\u0131t\u0131yoruz. Amac\u0131m\u0131z, sporun her ya\u015f grubuna ula\u015fmas\u0131n\u0131 sa\u011flamak. Bu do\u011frultuda gen\u00e7lik merkezleri kuruyor, spor tesisleri in\u015fa ediyoruz. Her mahallede spor alan\u0131 olu\u015fturmay\u0131 hedefliyoruz&#8221; dedi.<br \/>\n<br \/>Vali I\u015f\u0131n, amat\u00f6r spor kul\u00fcplerine verilen deste\u011fin de s\u00fcrece\u011fini belirterek, &#8220;\u015eehrimizin geri kalmamas\u0131 i\u00e7in t\u00fcm imkanlar\u0131m\u0131z\u0131 seferber ediyoruz. \u00c7ocuklar\u0131m\u0131z\u0131 seviyoruz ve onlar\u0131n ihtiya\u00e7lar\u0131n\u0131 kar\u015f\u0131lamak i\u00e7in buraday\u0131z&#8221; ifadelerini kulland\u0131.<br \/>\n<br \/>Milli at\u0131c\u0131 Yusuf Dike\u00e7\u2019e de te\u015fekk\u00fcr eden I\u015f\u0131n, &#8220;Kendisi \u00e7ocuklar\u0131m\u0131z i\u00e7in bir rehber, bir marka, bir \u00f6nc\u00fc. \u0130n\u015fallah her biriniz birer Yusuf Dike\u00e7 olacaks\u0131n\u0131z. \u00dclkemize kazand\u0131rd\u0131\u011f\u0131 ba\u015far\u0131lar i\u00e7in kendisini tebrik ediyorum&#8221; diye konu\u015ftu.<br \/>\n<br \/>Etkinlik, ortaokul ve lise \u00f6\u011frencilerine spor yapmalar\u0131n\u0131 te\u015fvik etmek amac\u0131yla top, e\u015fofman tak\u0131mlar\u0131 ve \u00e7e\u015fitli spor malzemelerinin da\u011f\u0131t\u0131lmas\u0131yla sona erdi.<br \/><\/p>\n","protected":false},"excerpt":{"rendered":"<p>K\u00fctahya Gen\u00e7lik ve Spor \u0130l M\u00fcd\u00fcrl\u00fc\u011f\u00fc taraf\u0131ndan d\u00fczenlenen spor malzemesi da\u011f\u0131t\u0131m etkinli\u011fi, Dumlup\u0131nar Spor Salonu\u2019nda ger\u00e7ekle\u015ftirildi. \u2019Spor Yap\u0131n, Fark\u0131n\u0131z Olsun\u2019 slogan\u0131yla yap\u0131lan etkinli\u011fe K\u00fctahya Valisi Musa I\u015f\u0131n, AK Parti K\u00fctahya Milletvekilleri Adil Bi\u00e7er, \u0130smail \u00c7a\u011flar Bay\u0131rc\u0131 ve Mehmet Demir, kent protokol\u00fc ve milli at\u0131c\u0131 Yusuf Dike\u00e7 kat\u0131ld\u0131. Program, sayg\u0131 duru\u015fu ve \u0130stiklal Mar\u015f\u0131\u2019n\u0131n okunmas\u0131yla ba\u015flad\u0131&#8230;.<\/p>\n","protected":false},"author":1,"featured_media":19767,"comment_status":"open","ping_status":"open","sticky":false,"template":"","format":"standard","meta":{"_crdt_document":"","footnotes":""},"categories":[4],"tags":[],"class_list":["post-19766","post","type-post","status-publish","format-standard","has-post-thumbnail","hentry","category-spor"],"_links":{"self":[{"href":"https:\/\/www.egemtv.com\/index.php?rest_route=\/wp\/v2\/posts\/19766","targetHints":{"allow":["GET"]}}],"collection":[{"href":"https:\/\/www.egemtv.com\/index.php?rest_route=\/wp\/v2\/posts"}],"about":[{"href":"https:\/\/www.egemtv.com\/index.php?rest_route=\/wp\/v2\/types\/post"}],"author":[{"embeddable":true,"href":"https:\/\/www.egemtv.com\/index.php?rest_route=\/wp\/v2\/users\/1"}],"replies":[{"embeddable":true,"href":"https:\/\/www.egemtv.com\/index.php?rest_route=%2Fwp%2Fv2%2Fcomments&post=19766"}],"version-history":[{"count":1,"href":"https:\/\/www.egemtv.com\/index.php?rest_route=\/wp\/v2\/posts\/19766\/revisions"}],"predecessor-version":[{"id":19768,"href":"https:\/\/www.egemtv.com\/index.php?rest_route=\/wp\/v2\/posts\/19766\/revisions\/19768"}],"wp:featuredmedia":[{"embeddable":true,"href":"https:\/\/www.egemtv.com\/index.php?rest_route=\/wp\/v2\/media\/19767"}],"wp:attachment":[{"href":"https:\/\/www.egemtv.com\/index.php?rest_route=%2Fwp%2Fv2%2Fmedia&parent=19766"}],"wp:term":[{"taxonomy":"category","embeddable":true,"href":"https:\/\/www.egemtv.com\/index.php?rest_route=%2Fwp%2Fv2%2Fcategories&post=19766"},{"taxonomy":"post_tag","embeddable":true,"href":"https:\/\/www.egemtv.com\/index.php?rest_route=%2Fwp%2Fv2%2Ftags&post=19766"}],"curies":[{"name":"wp","href":"https:\/\/api.w.org\/{rel}","templated":true}]}}