{"id":19763,"date":"2025-02-17T17:34:14","date_gmt":"2025-02-17T14:34:14","guid":{"rendered":"https:\/\/www.egemtv.com\/?p=19763"},"modified":"2025-02-17T17:34:19","modified_gmt":"2025-02-17T14:34:19","slug":"aydinda-hava-sicakliklari-azalacak","status":"publish","type":"post","link":"https:\/\/www.egemtv.com\/?p=19763","title":{"rendered":"Ayd\u0131n\u2019da hava s\u0131cakl\u0131klar\u0131 azalacak"},"content":{"rendered":"<p>Ayd\u0131n\u2019da hava s\u0131cakl\u0131klar\u0131 Karadeniz \u00fczerinden gelen so\u011fuk hava dalgas\u0131 ile 6 ile 10 derece aras\u0131nda azalacak.<\/p>\n<p>Meteoroloji\u2019den yap\u0131lan a\u00e7\u0131klamada, &#8220;Yap\u0131lan son meteorolojik de\u011ferlendirmelere g\u00f6re, b\u00f6lgemizin 18 \u015eubat 2025 Sal\u0131 g\u00fcn\u00fcnden itibaren Karadeniz \u00fczerinden gelecek olan so\u011fuk havan\u0131n etkisi alt\u0131na girmesi bekleniyor. Kuzey y\u00f6nlerden esmesi beklenen r\u00fczg\u00e2rlarla birlikte, hava s\u0131cakl\u0131klar\u0131n\u0131n Sal\u0131 g\u00fcn\u00fc kuzey kesimlerde, \u00c7ar\u015famba g\u00fcn\u00fc ise b\u00f6lge genelinde hissedilir derecede (6 ila 10 C) azalarak mevsim normallerinin alt\u0131na d\u00fc\u015fece\u011fi tahmin ediliyor. So\u011fuk havan\u0131n b\u00f6lgemiz genelinde bir hafta boyunca etkili olmas\u0131 beklenirken, kuzey kesimlerde yerel olarak kar ya\u011f\u0131\u015f\u0131 g\u00f6r\u00fclece\u011fi tahmin edilmektedir. Meydana gelebilecek kar ya\u011f\u0131\u015f\u0131, buzlanma ve zirai don olaylar\u0131na kar\u015f\u0131; \u00c7evre, \u015eehircilik ve \u0130klim De\u011fi\u015fikli\u011fi Bakanl\u0131\u011f\u0131 Meteoroloji Genel M\u00fcd\u00fcrl\u00fc\u011f\u00fc\u2019n\u00fcn haz\u0131rlay\u0131p yay\u0131nlad\u0131\u011f\u0131 tahmin ve meteorolojik erken uyar\u0131lar\u0131n takip edilmesi \u00f6nem arz etmektedir. \u0130l merkezlerimizde \u00f6n\u00fcm\u00fczdeki periyotta ger\u00e7ekle\u015fmesi beklenen hava s\u0131cakl\u0131klar\u0131 a\u015fa\u011f\u0131daki tabloda verilmi\u015ftir&#8221; denildi.<br \/><\/p>\n","protected":false},"excerpt":{"rendered":"<p>Ayd\u0131n\u2019da hava s\u0131cakl\u0131klar\u0131 Karadeniz \u00fczerinden gelen so\u011fuk hava dalgas\u0131 ile 6 ile 10 derece aras\u0131nda azalacak. Meteoroloji\u2019den yap\u0131lan a\u00e7\u0131klamada, &#8220;Yap\u0131lan son meteorolojik de\u011ferlendirmelere g\u00f6re, b\u00f6lgemizin 18 \u015eubat 2025 Sal\u0131 g\u00fcn\u00fcnden itibaren Karadeniz \u00fczerinden gelecek olan so\u011fuk havan\u0131n etkisi alt\u0131na girmesi bekleniyor. Kuzey y\u00f6nlerden esmesi beklenen r\u00fczg\u00e2rlarla birlikte, hava s\u0131cakl\u0131klar\u0131n\u0131n Sal\u0131 g\u00fcn\u00fc kuzey kesimlerde, \u00c7ar\u015famba g\u00fcn\u00fc&#8230;<\/p>\n","protected":false},"author":1,"featured_media":19764,"comment_status":"open","ping_status":"open","sticky":false,"template":"","format":"standard","meta":{"_crdt_document":"","footnotes":""},"categories":[1],"tags":[],"class_list":["post-19763","post","type-post","status-publish","format-standard","has-post-thumbnail","hentry","category-guncel"],"_links":{"self":[{"href":"https:\/\/www.egemtv.com\/index.php?rest_route=\/wp\/v2\/posts\/19763","targetHints":{"allow":["GET"]}}],"collection":[{"href":"https:\/\/www.egemtv.com\/index.php?rest_route=\/wp\/v2\/posts"}],"about":[{"href":"https:\/\/www.egemtv.com\/index.php?rest_route=\/wp\/v2\/types\/post"}],"author":[{"embeddable":true,"href":"https:\/\/www.egemtv.com\/index.php?rest_route=\/wp\/v2\/users\/1"}],"replies":[{"embeddable":true,"href":"https:\/\/www.egemtv.com\/index.php?rest_route=%2Fwp%2Fv2%2Fcomments&post=19763"}],"version-history":[{"count":1,"href":"https:\/\/www.egemtv.com\/index.php?rest_route=\/wp\/v2\/posts\/19763\/revisions"}],"predecessor-version":[{"id":19765,"href":"https:\/\/www.egemtv.com\/index.php?rest_route=\/wp\/v2\/posts\/19763\/revisions\/19765"}],"wp:featuredmedia":[{"embeddable":true,"href":"https:\/\/www.egemtv.com\/index.php?rest_route=\/wp\/v2\/media\/19764"}],"wp:attachment":[{"href":"https:\/\/www.egemtv.com\/index.php?rest_route=%2Fwp%2Fv2%2Fmedia&parent=19763"}],"wp:term":[{"taxonomy":"category","embeddable":true,"href":"https:\/\/www.egemtv.com\/index.php?rest_route=%2Fwp%2Fv2%2Fcategories&post=19763"},{"taxonomy":"post_tag","embeddable":true,"href":"https:\/\/www.egemtv.com\/index.php?rest_route=%2Fwp%2Fv2%2Ftags&post=19763"}],"curies":[{"name":"wp","href":"https:\/\/api.w.org\/{rel}","templated":true}]}}