{"id":19760,"date":"2025-02-17T17:32:54","date_gmt":"2025-02-17T14:32:54","guid":{"rendered":"https:\/\/www.egemtv.com\/?p=19760"},"modified":"2025-02-17T17:33:00","modified_gmt":"2025-02-17T14:33:00","slug":"baskan-yalim-direksiyona-gecti-grevdeki-soforlere-dersini-verdi","status":"publish","type":"post","link":"https:\/\/www.egemtv.com\/?p=19760","title":{"rendered":"Ba\u015fkan Yal\u0131m direksiyona ge\u00e7ti, grevdeki \u015fof\u00f6rlere dersini verdi"},"content":{"rendered":"<p>Ge\u00e7ti\u011fimiz g\u00fcnlerde kartl\u0131 sistemi protesto etmek i\u00e7in i\u015f b\u0131rakarak yolcular\u0131 ma\u011fdur eden otob\u00fcs \u015fof\u00f6rleri, \u00fcniversite kamp\u00fcs\u00fcne giderek kartl\u0131 sistemden vazge\u00e7meyen Ba\u015fkan Yal\u0131m\u2019a kar\u015f\u0131 eylem yapt\u0131. \u00d6\u011frencileri ma\u011fdur etmemekte kararl\u0131 oldu\u011funu ve kamu yarar\u0131n\u0131 g\u00f6zetece\u011fini s\u00f6yleyen Ba\u015fkan Yal\u0131m, eylemlere inat geri ad\u0131m atmayarak direksiyona ge\u00e7ip yolcu ta\u015f\u0131d\u0131.<\/p>\n<p>Sabah erken saatlerde U\u015fak Belediyesi Ula\u015f\u0131m Hizmetleri M\u00fcd\u00fcrl\u00fc\u011f\u00fc B\u00fclent Ecevit Ara\u00e7 Sevk \u0130dare Merkezine giderek belediye servis ara\u00e7lar\u0131n\u0131 kullanan personel ile g\u00f6r\u00fc\u015fen U\u015fak Belediye Ba\u015fkan\u0131 \u00d6zkan Yal\u0131m; Cuma g\u00fcn\u00fc \u00fcniversite hatt\u0131nda ba\u015flat\u0131lan i\u015f b\u0131rakma eylemi nedeniyle \u00f6\u011frencilerin kullan\u0131m\u0131na tahsis etti\u011fi ara\u00e7lar\u0131 yerinde inceledi. Belediye ara\u00e7lar\u0131n\u0131 kullanan personeli ile bizzat g\u00f6r\u00fc\u015fen ve halk\u0131 ma\u011fdur etmemek ad\u0131na herkesin \u00f6zveriyle \u00e7al\u0131\u015fmas\u0131 gerekti\u011fini vurgulayan Ba\u015fkan Yal\u0131m, vatanda\u015f\u0131n yan\u0131nda olduklar\u0131n\u0131, i\u015f b\u0131rakan \u00f6zel otob\u00fcslerin yerine t\u00fcm g\u00fcn kendi ara\u00e7lar\u0131yla \u00f6\u011frenci ta\u015f\u0131maya devam edeceklerini hat\u0131rlatt\u0131. Burada yapt\u0131\u011f\u0131 a\u00e7\u0131klamada \u00f6zellikle kartl\u0131 sisteme ge\u00e7erek cihazlar\u0131n\u0131 takt\u0131ran ve sorunsuz bir \u015fekilde \u00e7al\u0131\u015fmaya devam eden hat sahiplerine te\u015fekk\u00fcrlerini ileten Ba\u015fkan Yal\u0131m, U\u015fak Belediyesi olarak kenti geli\u015ftirmek i\u00e7in ne gerekiyorsa yapacaklar\u0131n\u0131, vatanda\u015f\u0131 asla yaln\u0131z b\u0131rakmayacaklar\u0131n\u0131 ifade etti.<\/p>\n<p>Kamp\u00fcste sesler y\u00fckseldi<br \/>\n<br \/>Ard\u0131ndan belediye ara\u00e7lar\u0131na binerek kendilerine e\u015flik eden kartl\u0131 sistemi destekleyen di\u011fer hat sahipleriyle birlikte \u00fcniversite kamp\u00fcs\u00fcne giden Ba\u015fkan Yal\u0131m ve y\u00f6netim ekibi, burada kendilerini bekleyen grevdeki hat sahipleriyle kar\u015f\u0131la\u015ft\u0131. \u00c7evik kuvvet polislerinin de bulundu\u011fu alanda grevdeki hat sahiplerinin tepkilerini sakince dinleyen ve asla geri ad\u0131m atmayan Ba\u015fkan Yal\u0131m; meclis karar\u0131 ile ba\u015flatt\u0131klar\u0131 kartl\u0131 sistemin kentin geli\u015fimine b\u00fcy\u00fck katk\u0131 sa\u011flayaca\u011f\u0131n\u0131, ki\u015fisel \u00e7\u0131karlar\u0131ndan dolay\u0131 buna kar\u015f\u0131 gelen herkese kar\u015f\u0131 dimdik duracaklar\u0131n\u0131 ifade etti. Yal\u0131m burada yapt\u0131\u011f\u0131 a\u00e7\u0131klamada vergi ka\u00e7aklar\u0131n\u0131 \u00f6nlemek, teknolojiye ayak uydurmak ve ula\u015f\u0131mda kolayl\u0131k sa\u011flamak ad\u0131na kartl\u0131 sistemin bir zorunluluk oldu\u011funu \u00fcst\u00fcne basa basa vurgulad\u0131.<\/p>\n<p>Son s\u00f6z\u00fc Ba\u015fkan s\u00f6yledi, davran\u0131\u015f\u0131yla \u015fof\u00f6rlere ders verdi<br \/>\n<br \/>G\u00f6r\u00fc\u015fmenin ard\u0131ndan hem otob\u00fcs \u015fof\u00f6rlerine kararl\u0131l\u0131\u011f\u0131n\u0131 g\u00f6stermek hem de g\u00f6revlerini hat\u0131rlatmak i\u00e7in direksiyon ba\u015f\u0131na ge\u00e7en Ba\u015fkan Yal\u0131m, belediye arac\u0131n\u0131 bizzat kullanarak \u00f6\u011frencileri ta\u015f\u0131d\u0131. \u0130lk andan itibaren y\u00f6netim ekibiyle hareket eden Ba\u015fkan Yal\u0131m, kulland\u0131\u011f\u0131 araca binen \u00f6\u011frencilerin yo\u011fun ilgisi ve destekleri e\u015fli\u011finde kent merkezine ula\u015ft\u0131.<\/p>\n<p>Vatanda\u015f\u0131n yan\u0131nda olmaktan asla vazge\u00e7meyeceklerini s\u00f6yleyen Yal\u0131m; &#8220;Ben vatanda\u015f\u0131m\u0131 kesinlikle ma\u011fdur etmeyece\u011fim. Bu kentin geli\u015fmesi i\u00e7in projeler geli\u015ftiriyoruz ve hizmetler ger\u00e7ekle\u015ftiriyoruz. Buna kar\u015f\u0131 \u00e7\u0131kan herkesin de kar\u015f\u0131s\u0131nda olaca\u011f\u0131z&#8221; dedi.<br \/>\n<br \/>\u00d6zellikle \u00f6\u011frenciler konusunda \u00e7ok hassas oldu\u011funu kaydeden Yal\u0131m; &#8220;Kendi \u00e7\u0131karlar\u0131n\u0131 g\u00f6zeterek i\u015f b\u0131rak\u0131p onlar\u0131 ma\u011fdur eden hat sahiplerini k\u0131n\u0131yorum ve direksiyonun ba\u015f\u0131na ben ge\u00e7iyorum. Y\u00f6netim ekibimizle birlikte her zaman halk\u0131m\u0131zla i\u00e7 i\u00e7e ve yan yana olmaya devam edece\u011fiz&#8221; dedi.<br \/><\/p>\n","protected":false},"excerpt":{"rendered":"<p>Ge\u00e7ti\u011fimiz g\u00fcnlerde kartl\u0131 sistemi protesto etmek i\u00e7in i\u015f b\u0131rakarak yolcular\u0131 ma\u011fdur eden otob\u00fcs \u015fof\u00f6rleri, \u00fcniversite kamp\u00fcs\u00fcne giderek kartl\u0131 sistemden vazge\u00e7meyen Ba\u015fkan Yal\u0131m\u2019a kar\u015f\u0131 eylem yapt\u0131. \u00d6\u011frencileri ma\u011fdur etmemekte kararl\u0131 oldu\u011funu ve kamu yarar\u0131n\u0131 g\u00f6zetece\u011fini s\u00f6yleyen Ba\u015fkan Yal\u0131m, eylemlere inat geri ad\u0131m atmayarak direksiyona ge\u00e7ip yolcu ta\u015f\u0131d\u0131. Sabah erken saatlerde U\u015fak Belediyesi Ula\u015f\u0131m Hizmetleri M\u00fcd\u00fcrl\u00fc\u011f\u00fc B\u00fclent&#8230;<\/p>\n","protected":false},"author":1,"featured_media":19761,"comment_status":"open","ping_status":"open","sticky":false,"template":"","format":"standard","meta":{"_crdt_document":"","footnotes":""},"categories":[127],"tags":[],"class_list":["post-19760","post","type-post","status-publish","format-standard","has-post-thumbnail","hentry","category-siyaset"],"_links":{"self":[{"href":"https:\/\/www.egemtv.com\/index.php?rest_route=\/wp\/v2\/posts\/19760","targetHints":{"allow":["GET"]}}],"collection":[{"href":"https:\/\/www.egemtv.com\/index.php?rest_route=\/wp\/v2\/posts"}],"about":[{"href":"https:\/\/www.egemtv.com\/index.php?rest_route=\/wp\/v2\/types\/post"}],"author":[{"embeddable":true,"href":"https:\/\/www.egemtv.com\/index.php?rest_route=\/wp\/v2\/users\/1"}],"replies":[{"embeddable":true,"href":"https:\/\/www.egemtv.com\/index.php?rest_route=%2Fwp%2Fv2%2Fcomments&post=19760"}],"version-history":[{"count":1,"href":"https:\/\/www.egemtv.com\/index.php?rest_route=\/wp\/v2\/posts\/19760\/revisions"}],"predecessor-version":[{"id":19762,"href":"https:\/\/www.egemtv.com\/index.php?rest_route=\/wp\/v2\/posts\/19760\/revisions\/19762"}],"wp:featuredmedia":[{"embeddable":true,"href":"https:\/\/www.egemtv.com\/index.php?rest_route=\/wp\/v2\/media\/19761"}],"wp:attachment":[{"href":"https:\/\/www.egemtv.com\/index.php?rest_route=%2Fwp%2Fv2%2Fmedia&parent=19760"}],"wp:term":[{"taxonomy":"category","embeddable":true,"href":"https:\/\/www.egemtv.com\/index.php?rest_route=%2Fwp%2Fv2%2Fcategories&post=19760"},{"taxonomy":"post_tag","embeddable":true,"href":"https:\/\/www.egemtv.com\/index.php?rest_route=%2Fwp%2Fv2%2Ftags&post=19760"}],"curies":[{"name":"wp","href":"https:\/\/api.w.org\/{rel}","templated":true}]}}