{"id":19757,"date":"2025-02-17T17:32:50","date_gmt":"2025-02-17T14:32:50","guid":{"rendered":"https:\/\/www.egemtv.com\/?p=19757"},"modified":"2025-02-17T17:32:54","modified_gmt":"2025-02-17T14:32:54","slug":"buyuksehirden-bodruma-28-milyonluk-yol-yatirimi","status":"publish","type":"post","link":"https:\/\/www.egemtv.com\/?p=19757","title":{"rendered":"B\u00fcy\u00fck\u015fehir\u2019den Bodrum\u2019a 28 Milyonluk yol yat\u0131r\u0131m\u0131"},"content":{"rendered":"<p>Mu\u011fla B\u00fcy\u00fck\u015fehir Belediyesi, Bodrum Derek\u00f6y ile Peksimet Mahallesi aras\u0131nda 28 milyon 230 bin TL\u2019lik yol yap\u0131m \u00e7al\u0131\u015fmas\u0131na ba\u015flad\u0131. Vatanda\u015flar\u0131n daha g\u00fcvenli ve modern yollarla seyahat edebilmesi amac\u0131yla b\u00fcy\u00fck\u015fehir belediyesi, altyap\u0131 ve \u00fcstyap\u0131 \u00e7al\u0131\u015fmalar\u0131na aral\u0131ks\u0131z devam ediyor.<\/p>\n<p>&#8220;3 bin 875 metrelik asfalt \u00e7al\u0131\u015fmas\u0131 yap\u0131lacak&#8221;<br \/>\n<br \/>Bodrum Derek\u00f6y ve Peksimet Mahallelerini kapsayan projede, 3 bin 875 metre uzunlu\u011funda s\u0131cak asfalt \u00e7al\u0131\u015fmas\u0131 ger\u00e7ekle\u015ftirilecek. B\u00fcy\u00fck\u015fehir Belediyesi ekipleri, asfalt serimi \u00f6ncesinde freze kaz\u0131s\u0131 ve PMT serimi \u00e7al\u0131\u015fmalar\u0131 yapacak.<\/p>\n<p>&#8220;Alternatif g\u00fczergahlar belirlendi&#8221;<br \/>\n<br \/>\u00c7al\u0131\u015fmalar s\u00fcresince Bodrum\u2019dan Derek\u00f6y istikametine gitmek isteyen s\u00fcrc\u00fcler, \u0130slamhaneleri veya Kad\u0131kalesi g\u00fczergahlar\u0131n\u0131 kullanabilecek. Derek\u00f6y\u2019den Bodrum\u2019a gitmek isteyenler i\u00e7in G\u00fcm\u00fc\u015fl\u00fck, Kad\u0131kalesi ve \u0130slamhaneleri alternatif rotalar olarak belirlendi. G\u00fcm\u00fc\u015fl\u00fck, Turgutreis ve Yal\u0131kavak yollar\u0131 ise trafi\u011fe a\u00e7\u0131k olacak.<\/p>\n<p>&#8220;Ba\u015fkan Aras: &#8220;G\u00fcvenli ve konforlu ula\u015f\u0131m hedefimiz&#8221;<br \/>\n<br \/>K\u0131y\u0131 Ege Belediyeler Birli\u011fi ve Mu\u011fla B\u00fcy\u00fck\u015fehir Belediye Ba\u015fkan\u0131 Ahmet Aras, &#8220;Mu\u011flam\u0131z\u0131n her il\u00e7esinde oldu\u011fu gibi Bodrum\u2019da da vatanda\u015flar\u0131m\u0131z\u0131n g\u00fcvenli ve konforlu bir ula\u015f\u0131m a\u011f\u0131na sahip olmas\u0131 i\u00e7in \u00e7al\u0131\u015fmalar\u0131m\u0131z\u0131 s\u00fcrd\u00fcr\u00fcyoruz. Derek\u00f6y-Peksimet yolu, Bodrum\u2019un \u00f6nemli ula\u015f\u0131m noktalar\u0131ndan biri. Bu b\u00f6lgedeki trafik yo\u011funlu\u011funu azaltmak ve s\u00fcr\u00fcc\u00fclere daha konforlu bir seyahat deneyimi sunmak amac\u0131yla \u00e7al\u0131\u015fmalar\u0131m\u0131z\u0131 ba\u015flatt\u0131k. Proje tamamland\u0131\u011f\u0131nda Bodrum halk\u0131 daha g\u00fcvenli ve kaliteli bir yolda seyahat edebilecek&#8221; dedi.<br \/><\/p>\n","protected":false},"excerpt":{"rendered":"<p>Mu\u011fla B\u00fcy\u00fck\u015fehir Belediyesi, Bodrum Derek\u00f6y ile Peksimet Mahallesi aras\u0131nda 28 milyon 230 bin TL\u2019lik yol yap\u0131m \u00e7al\u0131\u015fmas\u0131na ba\u015flad\u0131. Vatanda\u015flar\u0131n daha g\u00fcvenli ve modern yollarla seyahat edebilmesi amac\u0131yla b\u00fcy\u00fck\u015fehir belediyesi, altyap\u0131 ve \u00fcstyap\u0131 \u00e7al\u0131\u015fmalar\u0131na aral\u0131ks\u0131z devam ediyor. &#8220;3 bin 875 metrelik asfalt \u00e7al\u0131\u015fmas\u0131 yap\u0131lacak&#8221; Bodrum Derek\u00f6y ve Peksimet Mahallelerini kapsayan projede, 3 bin 875 metre uzunlu\u011funda&#8230;<\/p>\n","protected":false},"author":1,"featured_media":19758,"comment_status":"open","ping_status":"open","sticky":false,"template":"","format":"standard","meta":{"_crdt_document":"","footnotes":""},"categories":[1],"tags":[],"class_list":["post-19757","post","type-post","status-publish","format-standard","has-post-thumbnail","hentry","category-guncel"],"_links":{"self":[{"href":"https:\/\/www.egemtv.com\/index.php?rest_route=\/wp\/v2\/posts\/19757","targetHints":{"allow":["GET"]}}],"collection":[{"href":"https:\/\/www.egemtv.com\/index.php?rest_route=\/wp\/v2\/posts"}],"about":[{"href":"https:\/\/www.egemtv.com\/index.php?rest_route=\/wp\/v2\/types\/post"}],"author":[{"embeddable":true,"href":"https:\/\/www.egemtv.com\/index.php?rest_route=\/wp\/v2\/users\/1"}],"replies":[{"embeddable":true,"href":"https:\/\/www.egemtv.com\/index.php?rest_route=%2Fwp%2Fv2%2Fcomments&post=19757"}],"version-history":[{"count":1,"href":"https:\/\/www.egemtv.com\/index.php?rest_route=\/wp\/v2\/posts\/19757\/revisions"}],"predecessor-version":[{"id":19759,"href":"https:\/\/www.egemtv.com\/index.php?rest_route=\/wp\/v2\/posts\/19757\/revisions\/19759"}],"wp:featuredmedia":[{"embeddable":true,"href":"https:\/\/www.egemtv.com\/index.php?rest_route=\/wp\/v2\/media\/19758"}],"wp:attachment":[{"href":"https:\/\/www.egemtv.com\/index.php?rest_route=%2Fwp%2Fv2%2Fmedia&parent=19757"}],"wp:term":[{"taxonomy":"category","embeddable":true,"href":"https:\/\/www.egemtv.com\/index.php?rest_route=%2Fwp%2Fv2%2Fcategories&post=19757"},{"taxonomy":"post_tag","embeddable":true,"href":"https:\/\/www.egemtv.com\/index.php?rest_route=%2Fwp%2Fv2%2Ftags&post=19757"}],"curies":[{"name":"wp","href":"https:\/\/api.w.org\/{rel}","templated":true}]}}