{"id":19754,"date":"2025-02-17T17:32:45","date_gmt":"2025-02-17T14:32:45","guid":{"rendered":"https:\/\/www.egemtv.com\/?p=19754"},"modified":"2025-02-17T17:32:49","modified_gmt":"2025-02-17T14:32:49","slug":"termik-santrallerinde-calisan-yaklasik-5-bin-kisi-icin-acil-cozum-talebinde-bulundular","status":"publish","type":"post","link":"https:\/\/www.egemtv.com\/?p=19754","title":{"rendered":"Termik santrallerinde \u00e7al\u0131\u015fan yakla\u015f\u0131k 5 bin ki\u015fi i\u00e7in \u2018Acil \u00e7\u00f6z\u00fcm\u2019 talebinde bulundular"},"content":{"rendered":"<p>Tes-\u0130\u015f Sendikas\u0131 Yata\u011fan \u015eube Ba\u015fkan\u0131 Fatih Er\u00e7elik, Yenik\u00f6y Kemerk\u00f6y ve Yata\u011fan Termik Santralleri\u2019nin mevcut durumlar\u0131 \u00fcretim ve \u00e7al\u0131\u015fmalar\u0131n devaml\u0131l\u0131\u011f\u0131 i\u00e7in \u2018Acil \u00e7\u00f6z\u00fcm\u2019 talebi ile iktidar ve muhalefet partilerine ziyaret ger\u00e7ekle\u015ftirdi. Ba\u015fta enerji g\u00fcvenli\u011fi ve \u00fclke ekonomisi olmak \u00fczere b\u00f6lgedeki termik santrallerinde faaliyetin durmas\u0131 halinde direkt 20 bin ki\u015fiyi etkileyecek bir istihdam sorunu ya\u015fanaca\u011f\u0131n\u0131 belirten Ba\u015fkan Er\u00e7elik, ziyaret etti\u011fi partilere rapor sundu.<br \/>\n<br \/>Yenik\u00f6y Kemerk\u00f6y ve Yata\u011fan Termik Santrallerinin 1,748 MW kurulu g\u00fc\u00e7le y\u0131ll\u0131k 11.7 milyar kWh elektrik \u00fcretme kapasitesine sahip oldu\u011funu ve burada T\u00fcrkiye\u2019nin elektrik ihtiyac\u0131n\u0131n yakla\u015f\u0131k y\u00fczde 2.67\u2019sini kar\u015f\u0131lad\u0131\u011f\u0131n\u0131 kaydeden Fatih Er\u00e7elik bu \u00fcretimin 2.7 milyon konutun elektrik ihtiyac\u0131na denk geldi\u011fini belirtti.<br \/>\n<br \/>Bu santraller, 2.1 milyar metrek\u00fcp do\u011falgaz ithalat\u0131n\u0131 engelleyerek, 810 milyon USD cari a\u00e7\u0131\u011fa olumlu katk\u0131 sa\u011flad\u0131\u011f\u0131n\u0131 kaydeden Er\u00e7elik, AK Parti, CHP Mu\u011fla \u0130l Ba\u015fkanl\u0131klar\u0131na beraberindeki heyetle ziyaret ederek haz\u0131rlad\u0131klar\u0131 ropordan olu\u015fan dosya sundu.<br \/>\n<br \/>Yer\u00fcst\u00fc maden rezervleri t\u00fckenen Yata\u011fan Elektrik \u00dcretim A\u015e aleyhine a\u00e7\u0131lan dava sonucu firman\u0131n yeralt\u0131 maden ruhsat\u0131n\u0131n iptal edilmesi nedeniyle k\u00f6m\u00fcr s\u0131k\u0131nt\u0131s\u0131 y\u00fcz\u00fcnden elektrik \u00fcretim tesisi kapanma tehlikesi ile kar\u015f\u0131 kar\u015f\u0131ya kald\u0131\u011f\u0131 i\u00e7in durumun ele al\u0131nmas\u0131 gerekti\u011fini kaydeden Sendika Ba\u015fkan\u0131 Fatih Er\u00e7elik, sorunun detayl\u0131 olarak incelenip ele al\u0131nmas\u0131 gerekti\u011fini kaydederek \u00fclkenin faydas\u0131na olan bir karar i\u00e7in herkesten destek istediklerini belirtti. Yenik\u00f6y Kemerk\u00f6y Santrali\u2019nde do\u011frudan istihdam edilen 3 bin Yata\u011fan santralinde ise do\u011frudan istihdam edilen bin 670 \u00e7al\u0131\u015fan olmak \u00fczere yakla\u015f\u0131k 5 bin ki\u015finin bu iki santralde \u00e7al\u0131\u015ft\u0131\u011f\u0131n\u0131 belirten Sendika Ba\u015fkan\u0131 Er\u00e7elik, &#8220;\u0130stihdam edilen personelin \u00e7o\u011funlu\u011fu, b\u00f6lge halk\u0131ndan sa\u011flanmakta olup, bu durum yerel ya\u015fam standard\u0131n\u0131 y\u00fckseltmekte ve sosyal refaha katk\u0131da bulunmaktad\u0131r. Santraller, yaln\u0131zca do\u011frudan istihdam de\u011fil, ayn\u0131 zamanda yan sekt\u00f6rlere (lojistik, tedarik, bak\u0131m ve destek hizmetleri) dolayl\u0131 istihdam imkan\u0131 sunmaktad\u0131r. B\u00f6lgedeki di\u011fer k\u00fc\u00e7\u00fck ve orta \u00f6l\u00e7ekli i\u015fletmeler i\u00e7in \u00f6nemli bir ekonomik canlanma kayna\u011f\u0131d\u0131r. \u00c7al\u0131\u015fanlar\u0131n aileleriyle birlikte d\u00fc\u015f\u00fcn\u00fcld\u00fc\u011f\u00fcnde, bu santraller yakla\u015f\u0131k 20.000 ki\u015fiye dolayl\u0131 ekonomik fayda sunmaktad\u0131r&#8221; dedi.<br \/>\n<br \/>Yenik\u00f6y Kemerk\u00f6y ve Yata\u011fan Termik Santralleri, y\u0131ll\u0131k k\u00f6m\u00fcr ihtiyac\u0131 yakla\u015f\u0131k 15.5 milyon ton k\u00f6m\u00fcr ihtiyac\u0131 oldu\u011funu ancak, k\u00f6m\u00fcr tedarikinde ya\u015fanan zorluklar ve d\u0131\u015far\u0131dan k\u00f6m\u00fcr alma zorunlulu\u011funun maliyetleri art\u0131rd\u0131\u011f\u0131n\u0131 kaydeden Er\u00e7elik, &#8220;Yenik\u00f6y Kemerk\u00f6y Santrali i\u00e7in, 2025 y\u0131l\u0131nda 2.8 milyon ton d\u0131\u015far\u0131dan k\u00f6m\u00fcr al\u0131nmas\u0131 gerekecek olup, bunun y\u0131ll\u0131k maliyeti yakla\u015f\u0131k 153 milyon USD\u2019dir. Yata\u011fan Termik Santrali, 2025 y\u0131l\u0131nda d\u0131\u015far\u0131dan 4 milyon ton k\u00f6m\u00fcr alacak olup, bunun y\u0131ll\u0131k maliyeti yakla\u015f\u0131k 182 milyon USD\u2019dir. Sadece 1 y\u0131ll\u0131k k\u00f6m\u00fcr ithalat\u0131 i\u00e7in bu 2 santral i\u00e7in \u00f6denecek olan 335 milyon USD\u2019nin \u00fclke ekonomisi i\u00e7in de \u00f6nemli bir kay\u0131p oldu\u011funu belirten Er\u00e7elik, &#8220;Acele kamula\u015ft\u0131rma, kamu yarar\u0131na y\u00f6nelik projelerin h\u0131zl\u0131 bir \u015fekilde hayata ge\u00e7irilmesi i\u00e7in elzemdir. Aksi durumda firmalarda faaliyet durma noktas\u0131na gelecektir&#8221; diyerek t\u00fcm siyasi partilerden destek beklediklerini kaydetti.<br \/>\n<br \/>Ziyaret edilen siyasi partiler ellerinden gelen deste\u011fi vereceklerini belirttiler.<br \/><\/p>\n","protected":false},"excerpt":{"rendered":"<p>Tes-\u0130\u015f Sendikas\u0131 Yata\u011fan \u015eube Ba\u015fkan\u0131 Fatih Er\u00e7elik, Yenik\u00f6y Kemerk\u00f6y ve Yata\u011fan Termik Santralleri\u2019nin mevcut durumlar\u0131 \u00fcretim ve \u00e7al\u0131\u015fmalar\u0131n devaml\u0131l\u0131\u011f\u0131 i\u00e7in \u2018Acil \u00e7\u00f6z\u00fcm\u2019 talebi ile iktidar ve muhalefet partilerine ziyaret ger\u00e7ekle\u015ftirdi. Ba\u015fta enerji g\u00fcvenli\u011fi ve \u00fclke ekonomisi olmak \u00fczere b\u00f6lgedeki termik santrallerinde faaliyetin durmas\u0131 halinde direkt 20 bin ki\u015fiyi etkileyecek bir istihdam sorunu ya\u015fanaca\u011f\u0131n\u0131 belirten Ba\u015fkan&#8230;<\/p>\n","protected":false},"author":1,"featured_media":19755,"comment_status":"open","ping_status":"open","sticky":false,"template":"","format":"standard","meta":{"_crdt_document":"","footnotes":""},"categories":[125],"tags":[],"class_list":["post-19754","post","type-post","status-publish","format-standard","has-post-thumbnail","hentry","category-ekonomi"],"_links":{"self":[{"href":"https:\/\/www.egemtv.com\/index.php?rest_route=\/wp\/v2\/posts\/19754","targetHints":{"allow":["GET"]}}],"collection":[{"href":"https:\/\/www.egemtv.com\/index.php?rest_route=\/wp\/v2\/posts"}],"about":[{"href":"https:\/\/www.egemtv.com\/index.php?rest_route=\/wp\/v2\/types\/post"}],"author":[{"embeddable":true,"href":"https:\/\/www.egemtv.com\/index.php?rest_route=\/wp\/v2\/users\/1"}],"replies":[{"embeddable":true,"href":"https:\/\/www.egemtv.com\/index.php?rest_route=%2Fwp%2Fv2%2Fcomments&post=19754"}],"version-history":[{"count":1,"href":"https:\/\/www.egemtv.com\/index.php?rest_route=\/wp\/v2\/posts\/19754\/revisions"}],"predecessor-version":[{"id":19756,"href":"https:\/\/www.egemtv.com\/index.php?rest_route=\/wp\/v2\/posts\/19754\/revisions\/19756"}],"wp:featuredmedia":[{"embeddable":true,"href":"https:\/\/www.egemtv.com\/index.php?rest_route=\/wp\/v2\/media\/19755"}],"wp:attachment":[{"href":"https:\/\/www.egemtv.com\/index.php?rest_route=%2Fwp%2Fv2%2Fmedia&parent=19754"}],"wp:term":[{"taxonomy":"category","embeddable":true,"href":"https:\/\/www.egemtv.com\/index.php?rest_route=%2Fwp%2Fv2%2Fcategories&post=19754"},{"taxonomy":"post_tag","embeddable":true,"href":"https:\/\/www.egemtv.com\/index.php?rest_route=%2Fwp%2Fv2%2Ftags&post=19754"}],"curies":[{"name":"wp","href":"https:\/\/api.w.org\/{rel}","templated":true}]}}