{"id":19751,"date":"2025-02-17T17:32:40","date_gmt":"2025-02-17T14:32:40","guid":{"rendered":"https:\/\/www.egemtv.com\/?p=19751"},"modified":"2025-02-17T17:32:44","modified_gmt":"2025-02-17T14:32:44","slug":"okullar-arasi-yildiz-futbol-musabakalari-tamamlandi","status":"publish","type":"post","link":"https:\/\/www.egemtv.com\/?p=19751","title":{"rendered":"Okullar Aras\u0131 Y\u0131ld\u0131z Futbol M\u00fcsabakalar\u0131 tamamland\u0131"},"content":{"rendered":"<p>Ayd\u0131n\u2019da d\u00fczenlenen Okullar Aras\u0131 Y\u0131ld\u0131z K\u0131z-Erkek Futbol \u0130l Birincili\u011fi M\u00fcsabakalar\u0131 tamamland\u0131.<\/p>\n<p>Ayd\u0131n Gen\u00e7lik ve Spor \u0130l M\u00fcd\u00fcrl\u00fc\u011f\u00fc koordinesinde d\u00fczenlenen Okullar Aras\u0131 Y\u0131ld\u0131z K\u0131z-Erkek Futbol \u0130l Birincili\u011fi M\u00fcsabakalar\u0131, k\u0131yas\u0131ya m\u00fccadelelere sahne oldu. B\u00fcy\u00fck heyecanla tamamlanan m\u00fcsabakalara 12 erkek tak\u0131m\u0131 ve 4 k\u0131z tak\u0131m\u0131 olmak \u00fczere toplam 300 sporcu ve antren\u00f6r kat\u0131ld\u0131. M\u00fcsabakalar sonucunda k\u0131zlar kategorisinde \u015fampiyonlu\u011fu S\u00f6ke Savuca Ortaokulu elde ederken, erkekler kategorisinde ise S\u00f6ke Feride Ra\u015fit Kalkan Ortaokulu \u015fampiyon oldu. \u0130l Birincili\u011fi unvan\u0131n\u0131 kazanan tak\u0131mlar, 18-20 Mart tarihleri aras\u0131nda T\u00fcrkiye genelinde d\u00fczenlenecek olan Okul Sporlar\u0131 Grup Yar\u0131\u015fmalar\u0131nda Ayd\u0131n\u2019\u0131 temsil edecek.<\/p>\n<p>Konu ile ilgili Ayd\u0131n Gen\u00e7lik ve Spor \u0130l M\u00fcd\u00fcrl\u00fc\u011f\u00fc\u2019nden yap\u0131lan a\u00e7\u0131klamada &#8220;Turnuvaya kat\u0131lan t\u00fcm sporcular\u0131m\u0131z\u0131 ve antren\u00f6rlerini tebrik eder, grup m\u00fcsabakalar\u0131nda ba\u015far\u0131lar dileriz&#8221; ifadeleri yer ald\u0131.<br \/><\/p>\n","protected":false},"excerpt":{"rendered":"<p>Ayd\u0131n\u2019da d\u00fczenlenen Okullar Aras\u0131 Y\u0131ld\u0131z K\u0131z-Erkek Futbol \u0130l Birincili\u011fi M\u00fcsabakalar\u0131 tamamland\u0131. Ayd\u0131n Gen\u00e7lik ve Spor \u0130l M\u00fcd\u00fcrl\u00fc\u011f\u00fc koordinesinde d\u00fczenlenen Okullar Aras\u0131 Y\u0131ld\u0131z K\u0131z-Erkek Futbol \u0130l Birincili\u011fi M\u00fcsabakalar\u0131, k\u0131yas\u0131ya m\u00fccadelelere sahne oldu. B\u00fcy\u00fck heyecanla tamamlanan m\u00fcsabakalara 12 erkek tak\u0131m\u0131 ve 4 k\u0131z tak\u0131m\u0131 olmak \u00fczere toplam 300 sporcu ve antren\u00f6r kat\u0131ld\u0131. M\u00fcsabakalar sonucunda k\u0131zlar kategorisinde \u015fampiyonlu\u011fu&#8230;<\/p>\n","protected":false},"author":1,"featured_media":19752,"comment_status":"open","ping_status":"open","sticky":false,"template":"","format":"standard","meta":{"_crdt_document":"","footnotes":""},"categories":[4],"tags":[],"class_list":["post-19751","post","type-post","status-publish","format-standard","has-post-thumbnail","hentry","category-spor"],"_links":{"self":[{"href":"https:\/\/www.egemtv.com\/index.php?rest_route=\/wp\/v2\/posts\/19751","targetHints":{"allow":["GET"]}}],"collection":[{"href":"https:\/\/www.egemtv.com\/index.php?rest_route=\/wp\/v2\/posts"}],"about":[{"href":"https:\/\/www.egemtv.com\/index.php?rest_route=\/wp\/v2\/types\/post"}],"author":[{"embeddable":true,"href":"https:\/\/www.egemtv.com\/index.php?rest_route=\/wp\/v2\/users\/1"}],"replies":[{"embeddable":true,"href":"https:\/\/www.egemtv.com\/index.php?rest_route=%2Fwp%2Fv2%2Fcomments&post=19751"}],"version-history":[{"count":1,"href":"https:\/\/www.egemtv.com\/index.php?rest_route=\/wp\/v2\/posts\/19751\/revisions"}],"predecessor-version":[{"id":19753,"href":"https:\/\/www.egemtv.com\/index.php?rest_route=\/wp\/v2\/posts\/19751\/revisions\/19753"}],"wp:featuredmedia":[{"embeddable":true,"href":"https:\/\/www.egemtv.com\/index.php?rest_route=\/wp\/v2\/media\/19752"}],"wp:attachment":[{"href":"https:\/\/www.egemtv.com\/index.php?rest_route=%2Fwp%2Fv2%2Fmedia&parent=19751"}],"wp:term":[{"taxonomy":"category","embeddable":true,"href":"https:\/\/www.egemtv.com\/index.php?rest_route=%2Fwp%2Fv2%2Fcategories&post=19751"},{"taxonomy":"post_tag","embeddable":true,"href":"https:\/\/www.egemtv.com\/index.php?rest_route=%2Fwp%2Fv2%2Ftags&post=19751"}],"curies":[{"name":"wp","href":"https:\/\/api.w.org\/{rel}","templated":true}]}}