{"id":19748,"date":"2025-02-17T17:32:34","date_gmt":"2025-02-17T14:32:34","guid":{"rendered":"https:\/\/www.egemtv.com\/?p=19748"},"modified":"2025-02-17T17:32:39","modified_gmt":"2025-02-17T14:32:39","slug":"aydin-gazeteciler-cemiyeti-baskani-cetin-baskan-arikan-ile-gorustu","status":"publish","type":"post","link":"https:\/\/www.egemtv.com\/?p=19748","title":{"rendered":"Ayd\u0131n Gazeteciler Cemiyeti Ba\u015fkan\u0131 \u00c7etin, Ba\u015fkan Ar\u0131kan ile g\u00f6r\u00fc\u015ft\u00fc"},"content":{"rendered":"<p>Ayd\u0131n Gazeteciler Cemiyeti (AGC) Ba\u015fkan\u0131 Erman \u00c7etin ve beraberindeki y\u00f6netim kurulu \u00fcyeleri, S\u00f6ke Belediye Ba\u015fkan\u0131 Dr. Mustafa \u0130berya Ar\u0131kan\u2019\u0131 makam\u0131nda ziyaret etti.<\/p>\n<p>Ba\u015fkan Ar\u0131kan, gazetecilerin toplum \u00fczerindeki etkisine vurgu yaparak, yerel medyan\u0131n g\u00fc\u00e7l\u00fc olmas\u0131n\u0131n demokrasinin sa\u011fl\u0131kl\u0131 i\u015flemesi a\u00e7\u0131s\u0131ndan b\u00fcy\u00fck \u00f6nem ta\u015f\u0131d\u0131\u011f\u0131n\u0131 belirtti. Gazetecilerin kamuoyunu do\u011fru bilgilendirme g\u00f6revini \u00fcstlendi\u011fini ifade eden Ar\u0131kan, yerel bas\u0131n\u0131n her zaman yan\u0131nda olduklar\u0131n\u0131 dile getirdi.<\/p>\n<p>AGC Ba\u015fkan\u0131 Erman \u00c7etin ise samimi ev sahipli\u011fi i\u00e7in Ba\u015fkan Ar\u0131kan\u2019a te\u015fekk\u00fcr ederek, Ayd\u0131n ve il\u00e7elerindeki belediyelerle ortak projeler geli\u015ftirmeye haz\u0131r olduklar\u0131n\u0131 ifade etti. \u00c7etin, gazetecilik mesle\u011finin zorluklar\u0131na dikkat \u00e7ekerek, yerel y\u00f6netimlerle g\u00fc\u00e7l\u00fc bir ileti\u015fim kurman\u0131n \u00f6nemine de\u011findi.<br \/><\/p>\n","protected":false},"excerpt":{"rendered":"<p>Ayd\u0131n Gazeteciler Cemiyeti (AGC) Ba\u015fkan\u0131 Erman \u00c7etin ve beraberindeki y\u00f6netim kurulu \u00fcyeleri, S\u00f6ke Belediye Ba\u015fkan\u0131 Dr. Mustafa \u0130berya Ar\u0131kan\u2019\u0131 makam\u0131nda ziyaret etti. Ba\u015fkan Ar\u0131kan, gazetecilerin toplum \u00fczerindeki etkisine vurgu yaparak, yerel medyan\u0131n g\u00fc\u00e7l\u00fc olmas\u0131n\u0131n demokrasinin sa\u011fl\u0131kl\u0131 i\u015flemesi a\u00e7\u0131s\u0131ndan b\u00fcy\u00fck \u00f6nem ta\u015f\u0131d\u0131\u011f\u0131n\u0131 belirtti. Gazetecilerin kamuoyunu do\u011fru bilgilendirme g\u00f6revini \u00fcstlendi\u011fini ifade eden Ar\u0131kan, yerel bas\u0131n\u0131n her zaman&#8230;<\/p>\n","protected":false},"author":1,"featured_media":19749,"comment_status":"open","ping_status":"open","sticky":false,"template":"","format":"standard","meta":{"_crdt_document":"","footnotes":""},"categories":[1],"tags":[],"class_list":["post-19748","post","type-post","status-publish","format-standard","has-post-thumbnail","hentry","category-guncel"],"_links":{"self":[{"href":"https:\/\/www.egemtv.com\/index.php?rest_route=\/wp\/v2\/posts\/19748","targetHints":{"allow":["GET"]}}],"collection":[{"href":"https:\/\/www.egemtv.com\/index.php?rest_route=\/wp\/v2\/posts"}],"about":[{"href":"https:\/\/www.egemtv.com\/index.php?rest_route=\/wp\/v2\/types\/post"}],"author":[{"embeddable":true,"href":"https:\/\/www.egemtv.com\/index.php?rest_route=\/wp\/v2\/users\/1"}],"replies":[{"embeddable":true,"href":"https:\/\/www.egemtv.com\/index.php?rest_route=%2Fwp%2Fv2%2Fcomments&post=19748"}],"version-history":[{"count":1,"href":"https:\/\/www.egemtv.com\/index.php?rest_route=\/wp\/v2\/posts\/19748\/revisions"}],"predecessor-version":[{"id":19750,"href":"https:\/\/www.egemtv.com\/index.php?rest_route=\/wp\/v2\/posts\/19748\/revisions\/19750"}],"wp:featuredmedia":[{"embeddable":true,"href":"https:\/\/www.egemtv.com\/index.php?rest_route=\/wp\/v2\/media\/19749"}],"wp:attachment":[{"href":"https:\/\/www.egemtv.com\/index.php?rest_route=%2Fwp%2Fv2%2Fmedia&parent=19748"}],"wp:term":[{"taxonomy":"category","embeddable":true,"href":"https:\/\/www.egemtv.com\/index.php?rest_route=%2Fwp%2Fv2%2Fcategories&post=19748"},{"taxonomy":"post_tag","embeddable":true,"href":"https:\/\/www.egemtv.com\/index.php?rest_route=%2Fwp%2Fv2%2Ftags&post=19748"}],"curies":[{"name":"wp","href":"https:\/\/api.w.org\/{rel}","templated":true}]}}