{"id":19742,"date":"2025-02-17T17:17:27","date_gmt":"2025-02-17T14:17:27","guid":{"rendered":"https:\/\/www.egemtv.com\/?p=19742"},"modified":"2025-02-17T17:17:32","modified_gmt":"2025-02-17T14:17:32","slug":"buldanda-dimbazlar-ve-hasanbeyler-goletleri-alarm-veriyor","status":"publish","type":"post","link":"https:\/\/www.egemtv.com\/?p=19742","title":{"rendered":"Buldan\u2019da D\u0131mbazlar ve Hasanbeyler g\u00f6letleri alarm veriyor"},"content":{"rendered":"<p>Denizli\u2019nin Buldan il\u00e7esinde bulunan D\u0131mbazlar ve Hasanbeyler g\u00f6letlerinde su seviyelerin d\u00fc\u015f\u00fckl\u00fc\u011f\u00fc \u00fcreticiyi d\u00fc\u015f\u00fcnd\u00fcrmeye ba\u015flad\u0131. Yap\u0131lan ara\u015ft\u0131rmalar neticesinde D\u0131mbazlar g\u00f6ledinde su seviyesi y\u00fczde otuz be\u015f olurken Hasanbeyler g\u00f6ledi ise y\u00fczde yirmi seviyelerine kadar d\u00fc\u015ft\u00fc\u011f\u00fc \u00f6\u011frenildi.<\/p>\n<p>Denizli\u2019nin Buldan il\u00e7esinde bulunan D\u0131mbazlar ve Hasanbeyler g\u00f6letlerinin su seviyeleri ya\u015fan\u0131lan kurakl\u0131k neticesinde d\u00fc\u015f\u00fck kald\u0131. K\u0131\u015f aylar\u0131nda her iki g\u00f6lette ya\u011f\u0131\u015flar\u0131n azl\u0131\u011f\u0131 dolay\u0131s\u0131yla doluluk oran\u0131 istenilen d\u00fczeye ula\u015famam\u0131\u015f durumda. \u00d6n\u00fcm\u00fczdeki bahar aylar\u0131nda bol ya\u011f\u0131\u015flarla her iki g\u00f6ledin dolmas\u0131n\u0131 temenni eden \u00fcreticiler kurakl\u0131\u011f\u0131n \u00f6nlemi i\u00e7in su tasarrufu \u00e7a\u011fr\u0131s\u0131nda bulundu.<\/p>\n<p>Buldan il\u00e7esinde bulunan D\u0131mbazlar g\u00f6ledinin su seviyesi y\u00fczde otuz be\u015f olurken, Hasanbeyler g\u00f6ledi y\u00fczde yirmi seviyesinde bulundu\u011fu \u00f6\u011frenildi. Ayn\u0131 zamanda il\u00e7ede bulunan di\u011fer g\u00f6letlerden Yayla g\u00f6l\u00fcnde y\u00fczde y\u00fczl\u00fck doluluk varken Akta\u015f g\u00f6ledinde ise y\u00fczde seksen su seviyesinde bulundu\u011fu belirtildi.<br \/><\/p>\n","protected":false},"excerpt":{"rendered":"<p>Denizli\u2019nin Buldan il\u00e7esinde bulunan D\u0131mbazlar ve Hasanbeyler g\u00f6letlerinde su seviyelerin d\u00fc\u015f\u00fckl\u00fc\u011f\u00fc \u00fcreticiyi d\u00fc\u015f\u00fcnd\u00fcrmeye ba\u015flad\u0131. Yap\u0131lan ara\u015ft\u0131rmalar neticesinde D\u0131mbazlar g\u00f6ledinde su seviyesi y\u00fczde otuz be\u015f olurken Hasanbeyler g\u00f6ledi ise y\u00fczde yirmi seviyelerine kadar d\u00fc\u015ft\u00fc\u011f\u00fc \u00f6\u011frenildi. Denizli\u2019nin Buldan il\u00e7esinde bulunan D\u0131mbazlar ve Hasanbeyler g\u00f6letlerinin su seviyeleri ya\u015fan\u0131lan kurakl\u0131k neticesinde d\u00fc\u015f\u00fck kald\u0131. K\u0131\u015f aylar\u0131nda her iki g\u00f6lette ya\u011f\u0131\u015flar\u0131n&#8230;<\/p>\n","protected":false},"author":1,"featured_media":19743,"comment_status":"open","ping_status":"open","sticky":false,"template":"","format":"standard","meta":{"_crdt_document":"","footnotes":""},"categories":[1],"tags":[],"class_list":["post-19742","post","type-post","status-publish","format-standard","has-post-thumbnail","hentry","category-guncel"],"_links":{"self":[{"href":"https:\/\/www.egemtv.com\/index.php?rest_route=\/wp\/v2\/posts\/19742","targetHints":{"allow":["GET"]}}],"collection":[{"href":"https:\/\/www.egemtv.com\/index.php?rest_route=\/wp\/v2\/posts"}],"about":[{"href":"https:\/\/www.egemtv.com\/index.php?rest_route=\/wp\/v2\/types\/post"}],"author":[{"embeddable":true,"href":"https:\/\/www.egemtv.com\/index.php?rest_route=\/wp\/v2\/users\/1"}],"replies":[{"embeddable":true,"href":"https:\/\/www.egemtv.com\/index.php?rest_route=%2Fwp%2Fv2%2Fcomments&post=19742"}],"version-history":[{"count":1,"href":"https:\/\/www.egemtv.com\/index.php?rest_route=\/wp\/v2\/posts\/19742\/revisions"}],"predecessor-version":[{"id":19744,"href":"https:\/\/www.egemtv.com\/index.php?rest_route=\/wp\/v2\/posts\/19742\/revisions\/19744"}],"wp:featuredmedia":[{"embeddable":true,"href":"https:\/\/www.egemtv.com\/index.php?rest_route=\/wp\/v2\/media\/19743"}],"wp:attachment":[{"href":"https:\/\/www.egemtv.com\/index.php?rest_route=%2Fwp%2Fv2%2Fmedia&parent=19742"}],"wp:term":[{"taxonomy":"category","embeddable":true,"href":"https:\/\/www.egemtv.com\/index.php?rest_route=%2Fwp%2Fv2%2Fcategories&post=19742"},{"taxonomy":"post_tag","embeddable":true,"href":"https:\/\/www.egemtv.com\/index.php?rest_route=%2Fwp%2Fv2%2Ftags&post=19742"}],"curies":[{"name":"wp","href":"https:\/\/api.w.org\/{rel}","templated":true}]}}